{"id":5263,"date":"2022-10-25T12:06:40","date_gmt":"2022-10-25T10:06:40","guid":{"rendered":"https:\/\/sompirineu.cat\/senderia\/?p=5263"},"modified":"2022-10-25T13:40:18","modified_gmt":"2022-10-25T11:40:18","slug":"caminar-amb-gps-ens-aporta-o-ens-resta","status":"publish","type":"post","link":"https:\/\/sompirineu.cat\/senderia\/caminar-amb-gps-ens-aporta-o-ens-resta\/","title":{"rendered":"Caminar amb GPS: ens aporta o ens resta?"},"content":{"rendered":"<p>Aquestes \u00faltimes setmanes he estat llegint el darrer assaig de David Le Breton, <a href=\"https:\/\/www.siruela.com\/catalogo.php?id_libro=4442&amp;completa=S&amp;titulo=caminar-la-vida&amp;autor=david-le-breton\" target=\"_blank\" rel=\"noopener\"><em>Caminar la vida<\/em><\/a>, de l\u2019editorial Siruela, i que va ser <a href=\"https:\/\/sompirineu.cat\/senderia\/torna-le-breton\/\" target=\"_blank\" rel=\"noopener\">ressenyat<\/a> en aquest mateix butllet\u00ed el passat juliol. Ja a les primeres p\u00e0gines de la lectura, vaig comen\u00e7ar a subratllar sense parar frases i reflexions sobre el fet de caminar que s\u00f3n meravelloses, dignes d\u2019emmarcar. Aqu\u00ed us en deixo tres, a tall d\u2019exemple, amb les que hi estic completament d\u2019acord (en castell\u00e0, tal com apareixen al llibre):<\/p>\n<p>\u201c<em>El caminar le devuelve a uno el contacto consigo mismo y con la sensaci\u00f3n de existir.<\/em>\u201d<\/p>\n<p>\u201c<em>Los caminantes ralentizan el mundo para volver a \u00e9l desde sus ra\u00edces. Se deslizan hacia otra dimensi\u00f3n del tiempo en la cual ya nada urge, en la que es posible detenerse para disfrutar del paisaje o para descansar.\u201d<\/em><\/p>\n<p>\u201c<em>Una caminata no vale para otra cosa que para hacer maravillosas las horas. No aporta nada en t\u00e9rminos econ\u00f3micos o a nivel profesional, pero es pr\u00f3diga en lo relativo al descubrimiento de uno mismo y en intensidad de momentos vividos<\/em>.\u201d<\/p>\n<p><strong>Cr\u00edtica (ferotge) al GPS<br \/>\n<\/strong>Despr\u00e9s d\u2019aquesta lectura inicial, tan agradable i estimulant, vaig arribar a un cap\u00edtol, el titulat \u201c<em>Trazar su propio camino<\/em>\u201d, on Le Breton parla de l\u2019\u00fas de la tecnologia mentre caminem i, concretament, d\u2019un aparell que fa temps que ha canviat les nostres vides: el GPS. En aquest passatge del llibre, l\u2019autor critica aquest instrument de manera ferotge, amb reflexions com les tres seg\u00fcents:<\/p>\n<p>\u201c<em>El GPS es contrario a la filosof\u00eda del caminar porque transforma el camino en trayecto, subordin\u00e1ndolo al objetivo y disolvi\u00e9ndolo para convertirlo en puro pasaje indiferente; eliminando la po\u00e9tica del mundo al reducirlo a una serie de datos num\u00e9ricos; captando una mirada a la que le ha dejado de importar el paisaje o el ambiente, absorbida, de hecho, por la pantalla<\/em>\u201d.<\/p>\n<p>\u201c<em>La satisfacci\u00f3n de orientarse por uno mismo desaparece. La progresi\u00f3n se modeliza y convierte al viajero en un ser pasivo, sin otra iniciativa que la que le concede el instrumento<\/em>.\u201d<\/p>\n<p>\u201c<em>Recurrir al GPS en detrimento del mapa o de la intuici\u00f3n dificulta la memorizaci\u00f3n del recorrido; la atenci\u00f3n deja de centrarse en el medio, ya que est\u00e1 cautivada por la pantalla. Se impone entonces una representaci\u00f3n sin relieve del espacio, y las percepciones del camino se reducen a su condici\u00f3n unitaria con la meta<\/em>.\u201d<\/p>\n<p><strong>Dos companys inseparables<br \/>\n<\/strong>Camino per la muntanya des de fa una pila d\u2019anys i el mapa en paper sempre ha estat \u2014i segueix sent\u2014 un company inseparable. Ara b\u00e9, des de fa un temps, n\u2019he incorporat un altre de company, el GPS, que no pret\u00e9n substituir l\u2019anterior, sin\u00f3 complementar-lo.<\/p>\n<p>El GPS m\u2019aporta, en primer lloc, seguretat per afrontar aquelles situacions de dificultat per orientar-se (boira espessa, camins desdibuixats, neu, etc.). \u00c9s cert que el mapa, la br\u00faixola i la intu\u00efci\u00f3 tamb\u00e9 permeten afrontar aquestes dificultats, per\u00f2 amb el GPS \u00e9s m\u00e9s f\u00e0cil i r\u00e0pid i, en moments de perill o de crisi, quan m\u00e9s senzill sigui tot, millor.<\/p>\n<p>A aquest avantatge se n\u2019hi afegeix un altre de menys utilitari per\u00f2 que tamb\u00e9 valoro. S\u00f3n les dades que el GPS va generant dels recorreguts (dist\u00e0ncia, desnivell, <em>waypoints<\/em>, etc.) i que, un cop emmagatzemades, ens permeten construir un arxiu hist\u00f2ric dels nostres itineraris i sortides, una mena de diari personal dels llocs i paratges visitats.<\/p>\n<p>Quan camino amb el GPS a sobre, en cap moment m\u2019identifico amb all\u00f2 que critica l\u2019antrop\u00f2leg franc\u00e8s. No em deixa d\u2019importar el paisatge ni l\u2019entorn, ja que en segueixo gaudint com sempre, i en la mesura dels meus coneixements intento interpretar-lo i aprendre\u2019n. Tampoc estic absorbit per la pantalla \u2014si b\u00e9 la miro de tant en tant, aix\u00f2 s\u00ed\u2014 i segueixo utilitzant el mapa per orientar-me o per identificar cims i altres elements geogr\u00e0fics. I l\u2019itinerari segueix tenint tot el sentit, ja que a cada pas et va aportant noves imatges i sensacions.<\/p>\n<p><strong>Afinant la cr\u00edtica al GPS<br \/>\n<\/strong>Dit tot aix\u00f2, puc entendre, en certa manera, la cr\u00edtica de Le Breton. Diria que es refereix a aquelles persones que depenen completament del GPS, que renuncien a orientar-se fent servir les refer\u00e8ncies geogr\u00e0fiques i els mapes \u2014que ja no compren\u2014, o que estan gran part del trajecte consultant les indicacions de la pantalla. Aix\u00ed doncs, per ser estrictes, la cr\u00edtica al GPS vull entendre que es refereix \u2014o penso que s\u2019hauria de referir\u2014 al mal \u00fas de l\u2019aparell, no a l\u2019aparell en si mateix.<\/p>\n<p>Tamb\u00e9 crec que si no t\u2019han explicat mai com utilitzar i interpretar un mapa, ni saps identificar una fita, \u00e9s probable que siguis un nadiu digital (del GPS, en aquest cas) i que la teva depend\u00e8ncia de l\u2019aparell sigui total (de fet, aquest instrument s\u2019utilitza en molts altres \u00e0mbits, com quan ens desplacem en vehicle o viatgem). Aix\u00ed mateix, si la teva concepci\u00f3 de la muntanya \u00e9s exclusivament la d\u2019un escenari on entrenar i competir, aquest debat sobre el GPS no et deu interessar gens. En aquest sentit, doncs, es fa necessari cultivar des de totes les inst\u00e0ncies possibles la cultura del caminar i la mirada geogr\u00e0fica vers la muntanya, aquelles que busquen dialogar amb l\u2019entorn i intentar entendre\u2019l.<\/p>\n<p>Quan les muntanyes es consideren \u2014nom\u00e9s\u2014 espais on competir o superar-se, les dades generades pels GPS s\u00f3n una mena de tresor que ha de ser mostrat socialment per obtenir un suposat reconeixement. De fet, compartir i socialitzar les dades que dona el GPS \u00e9s la ra\u00f3 de ser de moltes aplicacions que han popularitzat \u2014segurament en exc\u00e9s\u2014 l\u2019acc\u00e9s a la muntanya i al medi natural. Per\u00f2 que tamb\u00e9 ens aporten una informaci\u00f3 valuosa \u2014si saps entendre-la i destriar-la\u2014 a l\u2019hora de dissenyar i planificar nous itineraris. Per\u00f2 probablement tot aix\u00f2 ja seria un altre debat&#8230;<\/p>\n<p>Vivim en una societat tecnol\u00f2gica i, de la mateixa manera que hem de criticar i afrontar el cant\u00f3 fosc de les tecnologies \u2014que hi \u00e9s\u2014, tampoc haur\u00edem de renunciar als beneficis que ens ofereixen. A mi, a la muntanya, el GPS m\u2019aporta m\u00e9s que em resta. I, a tu?<\/p>\n","protected":false},"excerpt":{"rendered":"<p>Per Xavi Basora<\/p>\n","protected":false},"author":3,"featured_media":5260,"comment_status":"closed","ping_status":"closed","sticky":false,"template":"","format":"standard","meta":{"site-sidebar-layout":"default","site-content-layout":"default","ast-site-content-layout":"","site-content-style":"default","site-sidebar-style":"default","ast-global-header-display":"","ast-banner-title-visibility":"","ast-main-header-display":"","ast-hfb-above-header-display":"","ast-hfb-below-header-display":"","ast-hfb-mobile-header-display":"","site-post-title":"","ast-breadcrumbs-content":"","ast-featured-img":"","footer-sml-layout":"","theme-transparent-header-meta":"default","adv-header-id-meta":"","stick-header-meta":"default","header-above-stick-meta":"","header-main-stick-meta":"","header-below-stick-meta":"","astra-migrate-meta-layouts":"default","ast-page-background-enabled":"default","ast-page-background-meta":{"desktop":{"background-color":"var(--ast-global-color-4)","background-image":"","background-repeat":"repeat","background-position":"center center","background-size":"auto","background-attachment":"scroll","background-type":"","background-media":"","overlay-type":"","overlay-color":"","overlay-opacity":"","overlay-gradient":""},"tablet":{"background-color":"","background-image":"","background-repeat":"repeat","background-position":"center center","background-size":"auto","background-attachment":"scroll","background-type":"","background-media":"","overlay-type":"","overlay-color":"","overlay-opacity":"","overlay-gradient":""},"mobile":{"background-color":"","background-image":"","background-repeat":"repeat","background-position":"center center","background-size":"auto","background-attachment":"scroll","background-type":"","background-media":"","overlay-type":"","overlay-color":"","overlay-opacity":"","overlay-gradient":""}},"ast-content-background-meta":{"desktop":{"background-color":"var(--ast-global-color-5)","background-image":"","background-repeat":"repeat","background-position":"center center","background-size":"auto","background-attachment":"scroll","background-type":"","background-media":"","overlay-type":"","overlay-color":"","overlay-opacity":"","overlay-gradient":""},"tablet":{"background-color":"var(--ast-global-color-5)","background-image":"","background-repeat":"repeat","background-position":"center center","background-size":"auto","background-attachment":"scroll","background-type":"","background-media":"","overlay-type":"","overlay-color":"","overlay-opacity":"","overlay-gradient":""},"mobile":{"background-color":"var(--ast-global-color-5)","background-image":"","background-repeat":"repeat","background-position":"center center","background-size":"auto","background-attachment":"scroll","background-type":"","background-media":"","overlay-type":"","overlay-color":"","overlay-opacity":"","overlay-gradient":""}},"footnotes":""},"categories":[3],"tags":[125],"class_list":["post-5263","post","type-post","status-publish","format-standard","has-post-thumbnail","hentry","category-el-mirador","tag-94-octubre-2022"],"_links":{"self":[{"href":"https:\/\/sompirineu.cat\/senderia\/wp-json\/wp\/v2\/posts\/5263","targetHints":{"allow":["GET"]}}],"collection":[{"href":"https:\/\/sompirineu.cat\/senderia\/wp-json\/wp\/v2\/posts"}],"about":[{"href":"https:\/\/sompirineu.cat\/senderia\/wp-json\/wp\/v2\/types\/post"}],"author":[{"embeddable":true,"href":"https:\/\/sompirineu.cat\/senderia\/wp-json\/wp\/v2\/users\/3"}],"replies":[{"embeddable":true,"href":"https:\/\/sompirineu.cat\/senderia\/wp-json\/wp\/v2\/comments?post=5263"}],"version-history":[{"count":4,"href":"https:\/\/sompirineu.cat\/senderia\/wp-json\/wp\/v2\/posts\/5263\/revisions"}],"predecessor-version":[{"id":5294,"href":"https:\/\/sompirineu.cat\/senderia\/wp-json\/wp\/v2\/posts\/5263\/revisions\/5294"}],"wp:featuredmedia":[{"embeddable":true,"href":"https:\/\/sompirineu.cat\/senderia\/wp-json\/wp\/v2\/media\/5260"}],"wp:attachment":[{"href":"https:\/\/sompirineu.cat\/senderia\/wp-json\/wp\/v2\/media?parent=5263"}],"wp:term":[{"taxonomy":"category","embeddable":true,"href":"https:\/\/sompirineu.cat\/senderia\/wp-json\/wp\/v2\/categories?post=5263"},{"taxonomy":"post_tag","embeddable":true,"href":"https:\/\/sompirineu.cat\/senderia\/wp-json\/wp\/v2\/tags?post=5263"}],"curies":[{"name":"wp","href":"https:\/\/api.w.org\/{rel}","templated":true}]}}