{"id":5272,"date":"2022-10-20T03:00:09","date_gmt":"2022-10-20T01:00:09","guid":{"rendered":"https:\/\/sompirineu.cat\/senderia\/?p=5272"},"modified":"2022-10-25T12:06:40","modified_gmt":"2022-10-25T10:06:40","slug":"3-000-o-no-3-000-vet-aqui-el-dilema","status":"publish","type":"post","link":"https:\/\/sompirineu.cat\/senderia\/3-000-o-no-3-000-vet-aqui-el-dilema\/","title":{"rendered":"3.000 o no 3.000, vet aqu\u00ed el dilema"},"content":{"rendered":"<p>Diu el titular de la not\u00edcia: \u201c<em>el pico Arnales del Pirineo aragon\u00e8s mide m\u00e1s de 3.000 metros, seg\u00fan les top\u00f3grafos<\/em>&#8221; (<a href=\"https:\/\/www.heraldo.es\/noticias\/aragon\/huesca\/2022\/10\/17\/el-pico-arnales-del-pirineo-aragones-mide-mas-de-3-000-m-segun-los-topografos-1606359.html\" target=\"_blank\" rel=\"noopener\">clac<\/a>). Breu i clar: un m\u00e9s a la llista. D\u2019acord, per\u00f2, a quina llista? A la del belga Juan Buyse, -el nazi de Siurana-,\u00a0 que coordinava la feina d\u2019anys d\u2019un grup de pirine\u00efstes que cercaven els cims de m\u00e9s de 3.000 metres de la serralada? A la dels <a href=\"http:\/\/elscazafantasmes.blogspot.com\/\" target=\"_blank\" rel=\"noopener\">Ca\u00e7afantasmes<\/a>, uns muntanyencs que q\u00fcestionaven i corregien les mesures de l\u2019equip de Buyse? I qu\u00e8 passa amb la cartografia de l\u2019Instituto Geogr\u00e1fico Nacional, que li atribueix 2.996 m?<\/p>\n<p>I \u00e9s que la cosa es va complicant a mesura que es va gratant una mica la superf\u00edcie. Per comen\u00e7ar, \u00e9s clar, qu\u00e8 carai \u00e9s un tres mil? I aqu\u00ed \u00e9s quan apareixen els conceptes de promin\u00e8ncia, el fet que el nom del cim estigui (o no) documentat, que aix\u00f2 tamb\u00e9 es determinant, i sobretot els diferents punts de vista que porten a la discrep\u00e0ncia i a la discussi\u00f3. I no s\u00f3n disputes banals: no \u00e9s el mateix que t\u2019acreditin 2.999 o 3.001 metres. Principalment, de cara a aquelles persones, que no s\u00f3n poques, que col\u00b7leccionen cims i a l\u2019impacte econ\u00f2mic (i tamb\u00e9 ambiental) que suposen per als territoris propers.<\/p>\n<p>En el cas que ens ocupa, el del cim d\u2019Arnales, sobre l\u2019al\u00e7ada del qual persistien molts dubtes, un grup de cinc top\u00f2grafs catalans acaba d&#8217;establir que mesura exactament 3.001,37 metres. I se n\u2019han fet ress\u00f2 molts mitjans. Per\u00f2, com d\u00e8iem, sempre ens agrada anar una mica m\u00e9s enll\u00e0 i, aix\u00ed, hem trobat un curi\u00f3s article de quan, l\u2019any 2013, els Ca\u00e7afantasmes van fer la seva expedici\u00f3 de comprovaci\u00f3 (<a href=\"http:\/\/hemeroteca.lavanguardia.com\/preview\/2013\/10\/06\/pagina-46\/92798410\/pdf.html\" target=\"_blank\" rel=\"noopener\">clec<\/a> i <a href=\"http:\/\/hemeroteca.lavanguardia.com\/preview\/2013\/10\/06\/pagina-47\/92798885\/pdf.html\" target=\"_blank\" rel=\"noopener\">clic<\/a>). Ai, el dif\u00edcil art de calcular l\u2019al\u00e7ada de les muntanyes&#8230;<\/p>\n","protected":false},"excerpt":{"rendered":"<p>Diu el titular de la not\u00edcia: \u201cel pico Arnales del Pirineo aragon\u00e8s mide m\u00e1s de [&hellip;]<\/p>\n","protected":false},"author":3,"featured_media":5271,"comment_status":"closed","ping_status":"closed","sticky":false,"template":"","format":"standard","meta":{"site-sidebar-layout":"default","site-content-layout":"default","ast-site-content-layout":"","site-content-style":"default","site-sidebar-style":"default","ast-global-header-display":"","ast-banner-title-visibility":"","ast-main-header-display":"","ast-hfb-above-header-display":"","ast-hfb-below-header-display":"","ast-hfb-mobile-header-display":"","site-post-title":"","ast-breadcrumbs-content":"","ast-featured-img":"","footer-sml-layout":"","theme-transparent-header-meta":"default","adv-header-id-meta":"","stick-header-meta":"default","header-above-stick-meta":"","header-main-stick-meta":"","header-below-stick-meta":"","astra-migrate-meta-layouts":"default","ast-page-background-enabled":"default","ast-page-background-meta":{"desktop":{"background-color":"var(--ast-global-color-4)","background-image":"","background-repeat":"repeat","background-position":"center center","background-size":"auto","background-attachment":"scroll","background-type":"","background-media":"","overlay-type":"","overlay-color":"","overlay-opacity":"","overlay-gradient":""},"tablet":{"background-color":"","background-image":"","background-repeat":"repeat","background-position":"center center","background-size":"auto","background-attachment":"scroll","background-type":"","background-media":"","overlay-type":"","overlay-color":"","overlay-opacity":"","overlay-gradient":""},"mobile":{"background-color":"","background-image":"","background-repeat":"repeat","background-position":"center center","background-size":"auto","background-attachment":"scroll","background-type":"","background-media":"","overlay-type":"","overlay-color":"","overlay-opacity":"","overlay-gradient":""}},"ast-content-background-meta":{"desktop":{"background-color":"var(--ast-global-color-5)","background-image":"","background-repeat":"repeat","background-position":"center center","background-size":"auto","background-attachment":"scroll","background-type":"","background-media":"","overlay-type":"","overlay-color":"","overlay-opacity":"","overlay-gradient":""},"tablet":{"background-color":"var(--ast-global-color-5)","background-image":"","background-repeat":"repeat","background-position":"center center","background-size":"auto","background-attachment":"scroll","background-type":"","background-media":"","overlay-type":"","overlay-color":"","overlay-opacity":"","overlay-gradient":""},"mobile":{"background-color":"var(--ast-global-color-5)","background-image":"","background-repeat":"repeat","background-position":"center center","background-size":"auto","background-attachment":"scroll","background-type":"","background-media":"","overlay-type":"","overlay-color":"","overlay-opacity":"","overlay-gradient":""}},"footnotes":""},"categories":[7],"tags":[125],"class_list":["post-5272","post","type-post","status-publish","format-standard","has-post-thumbnail","hentry","category-noticies","tag-94-octubre-2022"],"_links":{"self":[{"href":"https:\/\/sompirineu.cat\/senderia\/wp-json\/wp\/v2\/posts\/5272","targetHints":{"allow":["GET"]}}],"collection":[{"href":"https:\/\/sompirineu.cat\/senderia\/wp-json\/wp\/v2\/posts"}],"about":[{"href":"https:\/\/sompirineu.cat\/senderia\/wp-json\/wp\/v2\/types\/post"}],"author":[{"embeddable":true,"href":"https:\/\/sompirineu.cat\/senderia\/wp-json\/wp\/v2\/users\/3"}],"replies":[{"embeddable":true,"href":"https:\/\/sompirineu.cat\/senderia\/wp-json\/wp\/v2\/comments?post=5272"}],"version-history":[{"count":4,"href":"https:\/\/sompirineu.cat\/senderia\/wp-json\/wp\/v2\/posts\/5272\/revisions"}],"predecessor-version":[{"id":5276,"href":"https:\/\/sompirineu.cat\/senderia\/wp-json\/wp\/v2\/posts\/5272\/revisions\/5276"}],"wp:featuredmedia":[{"embeddable":true,"href":"https:\/\/sompirineu.cat\/senderia\/wp-json\/wp\/v2\/media\/5271"}],"wp:attachment":[{"href":"https:\/\/sompirineu.cat\/senderia\/wp-json\/wp\/v2\/media?parent=5272"}],"wp:term":[{"taxonomy":"category","embeddable":true,"href":"https:\/\/sompirineu.cat\/senderia\/wp-json\/wp\/v2\/categories?post=5272"},{"taxonomy":"post_tag","embeddable":true,"href":"https:\/\/sompirineu.cat\/senderia\/wp-json\/wp\/v2\/tags?post=5272"}],"curies":[{"name":"wp","href":"https:\/\/api.w.org\/{rel}","templated":true}]}}