{"id":5319,"date":"2022-11-25T04:00:31","date_gmt":"2022-11-25T03:00:31","guid":{"rendered":"https:\/\/sompirineu.cat\/senderia\/?p=5319"},"modified":"2022-11-29T13:02:54","modified_gmt":"2022-11-29T12:02:54","slug":"primer-curs-oficial-de-marger-a-catalunya","status":"publish","type":"post","link":"https:\/\/sompirineu.cat\/senderia\/primer-curs-oficial-de-marger-a-catalunya\/","title":{"rendered":"Primer curs, oficial!, de marger a Catalunya"},"content":{"rendered":"<p>D\u2019uns anys en\u00e7\u00e0, han sovintejat en diversos punts del pa\u00eds els cursos i tallers formatius sobre la t\u00e8cnica de la pedra seca, tots de ben segur \u00fatils i pr\u00e0ctics, per\u00f2 sense la cirereta del past\u00eds: l\u2019obtenci\u00f3 d\u2019un diploma homologat.<\/p>\n<p>Fins que, ara fa un parell de setmanes, ha finalitzat al municipi garrotx\u00ed de les Preses el primer curs oficial de marger (<a href=\"https:\/\/www.ccma.cat\/catradio\/catalunya-al-dia\/aprendre-a-ser-marger-ja-es-possible-a-catalunya\/noticia\/3194645\/\" target=\"_blank\" rel=\"noopener\">clec<\/a>). La iniciativa va partir de l\u2019Ajuntament, posant de manifest que a la comarca falten especialistes qualificats en aquesta modalitat per poder mantenir el seu Parc de Pedra Tosca. Despr\u00e9s de mesos de treballs previs, amb la incorporaci\u00f3 en un projecte europeu on participen tamb\u00e9 les associacions Gremi dels Margers de Catalunya i d\u2019Artisans B\u00e2tisseurs en Pierres S\u00e8ches (ABPS) francesa, s\u2019ha pogut implementar aquest curs en dos nivells.<\/p>\n<p>El curs impartit a les Preses ha constat de 140 hores te\u00f2riques i pr\u00e0ctiques, incloent aspectes com ara la construcci\u00f3 dels fonaments dels murs, l\u2019apilament dels rocs o l\u2019\u00fas de les eines amb diferents tipus de pedra, com la volc\u00e0nica pr\u00f2pia de la Garrotxa. Aix\u00f2 s\u00ed, nom\u00e9s ha disposat de dotze places, que es van esgotar r\u00e0pidament.<\/p>\n<p>Complement\u00e0riament, tamb\u00e9 s\u2019han fet unes sessions de preparaci\u00f3 (40 hores) per a un examen final per obtenir el certificat de qualificaci\u00f3 professional d\u2019<em>Ouvrier professional en pierre s\u00e8che<\/em>, que expedeix l\u2019ABPS francesa, i que estaven adre\u00e7ades a treballadors amb experi\u00e8ncia en aquest camp.<\/p>\n<p>Tot plegat, \u00e9s nom\u00e9s el principi d\u2019un recorregut que far\u00e0 m\u00e9s f\u00e0cil trobar especialistes acreditats en pedra seca. Sense anar m\u00e9s lluny, aquest m\u00e9s de desembre es far\u00e0 un nou curs de restauraci\u00f3 de barraques d&#8217;una setmana de durada i, aquest s\u00ed, certificat per l&#8217;Associaci\u00f3 de Margers de Catalunya.<\/p>\n<p>Podeu trobar m\u00e9s informaci\u00f3 a la pagina web del projecte Drystone <a href=\"https:\/\/sites.google.com\/view\/drystonelespreses\/?pli=1\" target=\"_blank\" rel=\"noopener\">(clic).<\/a><\/p>\n","protected":false},"excerpt":{"rendered":"<p>D\u2019uns anys en\u00e7\u00e0, han sovintejat en diversos punts del pa\u00eds els cursos i tallers formatius [&hellip;]<\/p>\n","protected":false},"author":3,"featured_media":5329,"comment_status":"closed","ping_status":"closed","sticky":false,"template":"","format":"standard","meta":{"site-sidebar-layout":"default","site-content-layout":"default","ast-site-content-layout":"","site-content-style":"default","site-sidebar-style":"default","ast-global-header-display":"","ast-banner-title-visibility":"","ast-main-header-display":"","ast-hfb-above-header-display":"","ast-hfb-below-header-display":"","ast-hfb-mobile-header-display":"","site-post-title":"","ast-breadcrumbs-content":"","ast-featured-img":"","footer-sml-layout":"","theme-transparent-header-meta":"default","adv-header-id-meta":"","stick-header-meta":"default","header-above-stick-meta":"","header-main-stick-meta":"","header-below-stick-meta":"","astra-migrate-meta-layouts":"default","ast-page-background-enabled":"default","ast-page-background-meta":{"desktop":{"background-color":"var(--ast-global-color-4)","background-image":"","background-repeat":"repeat","background-position":"center center","background-size":"auto","background-attachment":"scroll","background-type":"","background-media":"","overlay-type":"","overlay-color":"","overlay-opacity":"","overlay-gradient":""},"tablet":{"background-color":"","background-image":"","background-repeat":"repeat","background-position":"center center","background-size":"auto","background-attachment":"scroll","background-type":"","background-media":"","overlay-type":"","overlay-color":"","overlay-opacity":"","overlay-gradient":""},"mobile":{"background-color":"","background-image":"","background-repeat":"repeat","background-position":"center center","background-size":"auto","background-attachment":"scroll","background-type":"","background-media":"","overlay-type":"","overlay-color":"","overlay-opacity":"","overlay-gradient":""}},"ast-content-background-meta":{"desktop":{"background-color":"var(--ast-global-color-5)","background-image":"","background-repeat":"repeat","background-position":"center center","background-size":"auto","background-attachment":"scroll","background-type":"","background-media":"","overlay-type":"","overlay-color":"","overlay-opacity":"","overlay-gradient":""},"tablet":{"background-color":"var(--ast-global-color-5)","background-image":"","background-repeat":"repeat","background-position":"center center","background-size":"auto","background-attachment":"scroll","background-type":"","background-media":"","overlay-type":"","overlay-color":"","overlay-opacity":"","overlay-gradient":""},"mobile":{"background-color":"var(--ast-global-color-5)","background-image":"","background-repeat":"repeat","background-position":"center center","background-size":"auto","background-attachment":"scroll","background-type":"","background-media":"","overlay-type":"","overlay-color":"","overlay-opacity":"","overlay-gradient":""}},"footnotes":""},"categories":[7],"tags":[126],"class_list":["post-5319","post","type-post","status-publish","format-standard","has-post-thumbnail","hentry","category-noticies","tag-95-novembre-2022"],"_links":{"self":[{"href":"https:\/\/sompirineu.cat\/senderia\/wp-json\/wp\/v2\/posts\/5319","targetHints":{"allow":["GET"]}}],"collection":[{"href":"https:\/\/sompirineu.cat\/senderia\/wp-json\/wp\/v2\/posts"}],"about":[{"href":"https:\/\/sompirineu.cat\/senderia\/wp-json\/wp\/v2\/types\/post"}],"author":[{"embeddable":true,"href":"https:\/\/sompirineu.cat\/senderia\/wp-json\/wp\/v2\/users\/3"}],"replies":[{"embeddable":true,"href":"https:\/\/sompirineu.cat\/senderia\/wp-json\/wp\/v2\/comments?post=5319"}],"version-history":[{"count":6,"href":"https:\/\/sompirineu.cat\/senderia\/wp-json\/wp\/v2\/posts\/5319\/revisions"}],"predecessor-version":[{"id":5356,"href":"https:\/\/sompirineu.cat\/senderia\/wp-json\/wp\/v2\/posts\/5319\/revisions\/5356"}],"wp:featuredmedia":[{"embeddable":true,"href":"https:\/\/sompirineu.cat\/senderia\/wp-json\/wp\/v2\/media\/5329"}],"wp:attachment":[{"href":"https:\/\/sompirineu.cat\/senderia\/wp-json\/wp\/v2\/media?parent=5319"}],"wp:term":[{"taxonomy":"category","embeddable":true,"href":"https:\/\/sompirineu.cat\/senderia\/wp-json\/wp\/v2\/categories?post=5319"},{"taxonomy":"post_tag","embeddable":true,"href":"https:\/\/sompirineu.cat\/senderia\/wp-json\/wp\/v2\/tags?post=5319"}],"curies":[{"name":"wp","href":"https:\/\/api.w.org\/{rel}","templated":true}]}}