{"id":5404,"date":"2022-12-20T03:00:30","date_gmt":"2022-12-20T02:00:30","guid":{"rendered":"https:\/\/sompirineu.cat\/senderia\/?p=5404"},"modified":"2022-12-21T15:51:57","modified_gmt":"2022-12-21T14:51:57","slug":"els-festivals-de-senderisme-dels-pirineus-fan-balanc-de-ledicio-de-2022","status":"publish","type":"post","link":"https:\/\/sompirineu.cat\/senderia\/els-festivals-de-senderisme-dels-pirineus-fan-balanc-de-ledicio-de-2022\/","title":{"rendered":"Els Festivals de Senderisme dels Pirineus fan balan\u00e7 de l\u2019edici\u00f3 de 2022"},"content":{"rendered":"<p>A finals del mes d\u2019octubre es va posar el punt i final a la 7a edici\u00f3 dels\u00a0<strong>Festivals de Senderisme dels Pirineus<\/strong>. Una edici\u00f3 amb 12 esdeveniments, pres\u00e8ncia en totes i cada una de les 11 comarques que integren la marca tur\u00edstica Pirineus, i una novetat important: el Passaport dels Festivals, destinat a incentivar que la gent an\u00e9s a m\u00e9s d\u2019un esdeveniment.<\/p>\n<p>Ja amb el cap fred, tocava fer el <a href=\"https:\/\/festivalssenderismepirineus.cat\/els-festivals-de-senderisme-dels-pirineus-del-2022-superen-el-50-docupacio-a-les-activitats-guiades\" target=\"_blank\" rel=\"noopener\">balan\u00e7<\/a> d\u2019aquesta edici\u00f3 i, a tal efecte, el passat 25 de novembre van reunir-se els organismes organitzadors dels 12 festivals i l\u2019IDAPA, \u00f2rgan p\u00fablic coordinador. La primera constataci\u00f3 \u00e9s que, si b\u00e9 tots 12 esdeveniments programats es van poder celebrar amb normalitat, algunes de les activitats es van haver de cancel\u00b7lar per la manca d\u2019inscripcions o per les altes temperatures, en coincidir amb per\u00edodes d\u2019onada de calor.<\/p>\n<p>Les 123 activitats guiades organitzades van aplegar 1.355 visitants, amb una ocupaci\u00f3 global del 52% en relaci\u00f3 a les places ofertes. En aquest sentit, s\u2019ha produ\u00eft una baixa de 20 punts en relaci\u00f3 a l\u2019any 2021, que, en el debat, s\u2019atribu\u00efa a la combinaci\u00f3 de diferents causes: el context d\u2019inflaci\u00f3 i crisi econ\u00f2mica; l\u2019efecte post pand\u00e8mia (la gent torna a viatjar a l\u2019estranger) o la necessitat de platja, ateses les altes temperatures d\u2019aquest per\u00edode estival. Tot i la davallada de visitants respecte a l\u2019edici\u00f3 de l\u2019any anterior, alguns dels esdeveniments (com el del Ripoll\u00e8s) han millorat respecte altres anys.<\/p>\n<p>Tamb\u00e9 es van abordar els principals aspectes a millorar, tant a nivell d\u2019organitzaci\u00f3, com d\u2019execuci\u00f3 i comunicaci\u00f3. Per exemple, la majoria d\u2019organitzadors va coincidir en assenyalar les activitats programades per a la tarda del diumenge, les m\u00e9s cares i les que ja es fan habitualment de manera autoguiada com les m\u00e9s propenses a tenir menys p\u00fablic. I entre els reptes de futur, la necessitat d\u2019aconseguir m\u00e9s implicaci\u00f3 dels productors locals en l\u2019organitzaci\u00f3 de tastets, i una major coordinaci\u00f3 amb els ajuntaments.<\/p>\n<p>Malgrat tots aquests contratemps, la gran majoria de festivals tenen previst repetir l\u2019any vinent, consolidant aix\u00ed aquesta iniciativa pirinenca de promoci\u00f3 del senderisme i del territori.<\/p>\n","protected":false},"excerpt":{"rendered":"<p>A finals del mes d\u2019octubre es va posar el punt i final a la 7a [&hellip;]<\/p>\n","protected":false},"author":3,"featured_media":5403,"comment_status":"closed","ping_status":"closed","sticky":false,"template":"","format":"standard","meta":{"site-sidebar-layout":"default","site-content-layout":"default","ast-site-content-layout":"","site-content-style":"default","site-sidebar-style":"default","ast-global-header-display":"","ast-banner-title-visibility":"","ast-main-header-display":"","ast-hfb-above-header-display":"","ast-hfb-below-header-display":"","ast-hfb-mobile-header-display":"","site-post-title":"","ast-breadcrumbs-content":"","ast-featured-img":"","footer-sml-layout":"","theme-transparent-header-meta":"default","adv-header-id-meta":"","stick-header-meta":"default","header-above-stick-meta":"","header-main-stick-meta":"","header-below-stick-meta":"","astra-migrate-meta-layouts":"default","ast-page-background-enabled":"default","ast-page-background-meta":{"desktop":{"background-color":"var(--ast-global-color-4)","background-image":"","background-repeat":"repeat","background-position":"center center","background-size":"auto","background-attachment":"scroll","background-type":"","background-media":"","overlay-type":"","overlay-color":"","overlay-opacity":"","overlay-gradient":""},"tablet":{"background-color":"","background-image":"","background-repeat":"repeat","background-position":"center center","background-size":"auto","background-attachment":"scroll","background-type":"","background-media":"","overlay-type":"","overlay-color":"","overlay-opacity":"","overlay-gradient":""},"mobile":{"background-color":"","background-image":"","background-repeat":"repeat","background-position":"center center","background-size":"auto","background-attachment":"scroll","background-type":"","background-media":"","overlay-type":"","overlay-color":"","overlay-opacity":"","overlay-gradient":""}},"ast-content-background-meta":{"desktop":{"background-color":"var(--ast-global-color-5)","background-image":"","background-repeat":"repeat","background-position":"center center","background-size":"auto","background-attachment":"scroll","background-type":"","background-media":"","overlay-type":"","overlay-color":"","overlay-opacity":"","overlay-gradient":""},"tablet":{"background-color":"var(--ast-global-color-5)","background-image":"","background-repeat":"repeat","background-position":"center center","background-size":"auto","background-attachment":"scroll","background-type":"","background-media":"","overlay-type":"","overlay-color":"","overlay-opacity":"","overlay-gradient":""},"mobile":{"background-color":"var(--ast-global-color-5)","background-image":"","background-repeat":"repeat","background-position":"center center","background-size":"auto","background-attachment":"scroll","background-type":"","background-media":"","overlay-type":"","overlay-color":"","overlay-opacity":"","overlay-gradient":""}},"footnotes":""},"categories":[7],"tags":[127],"class_list":["post-5404","post","type-post","status-publish","format-standard","has-post-thumbnail","hentry","category-noticies","tag-96-desembre-2022"],"_links":{"self":[{"href":"https:\/\/sompirineu.cat\/senderia\/wp-json\/wp\/v2\/posts\/5404","targetHints":{"allow":["GET"]}}],"collection":[{"href":"https:\/\/sompirineu.cat\/senderia\/wp-json\/wp\/v2\/posts"}],"about":[{"href":"https:\/\/sompirineu.cat\/senderia\/wp-json\/wp\/v2\/types\/post"}],"author":[{"embeddable":true,"href":"https:\/\/sompirineu.cat\/senderia\/wp-json\/wp\/v2\/users\/3"}],"replies":[{"embeddable":true,"href":"https:\/\/sompirineu.cat\/senderia\/wp-json\/wp\/v2\/comments?post=5404"}],"version-history":[{"count":2,"href":"https:\/\/sompirineu.cat\/senderia\/wp-json\/wp\/v2\/posts\/5404\/revisions"}],"predecessor-version":[{"id":5406,"href":"https:\/\/sompirineu.cat\/senderia\/wp-json\/wp\/v2\/posts\/5404\/revisions\/5406"}],"wp:featuredmedia":[{"embeddable":true,"href":"https:\/\/sompirineu.cat\/senderia\/wp-json\/wp\/v2\/media\/5403"}],"wp:attachment":[{"href":"https:\/\/sompirineu.cat\/senderia\/wp-json\/wp\/v2\/media?parent=5404"}],"wp:term":[{"taxonomy":"category","embeddable":true,"href":"https:\/\/sompirineu.cat\/senderia\/wp-json\/wp\/v2\/categories?post=5404"},{"taxonomy":"post_tag","embeddable":true,"href":"https:\/\/sompirineu.cat\/senderia\/wp-json\/wp\/v2\/tags?post=5404"}],"curies":[{"name":"wp","href":"https:\/\/api.w.org\/{rel}","templated":true}]}}