{"id":5466,"date":"2023-01-24T05:00:32","date_gmt":"2023-01-24T04:00:32","guid":{"rendered":"https:\/\/sompirineu.cat\/senderia\/?p=5466"},"modified":"2023-01-24T18:25:39","modified_gmt":"2023-01-24T17:25:39","slug":"despres-de-25-anys-de-lluita","status":"publish","type":"post","link":"https:\/\/sompirineu.cat\/senderia\/despres-de-25-anys-de-lluita\/","title":{"rendered":"Despr\u00e9s de 25 anys de lluita&#8230;"},"content":{"rendered":"<p>&#8230; l\u2019Audi\u00e8ncia Provincial dictamina la titularitat p\u00fablica del cam\u00ed d\u2019en Kane al seu pas per Binimoti\u00a0(<a href=\"https:\/\/www.foravila.net\/area\/menorca\/laudiencia-provincial-dona-la-rao-a-ferreries-i-dictamina-la-titularitat-publica-del-cami-den-kane-al-seu-pas-per-binimoti\/\" target=\"_blank\" rel=\"noopener\">clic<\/a>). Felicitats!! I cedim la paraula a l&#8217;associaci\u00f3 Amics del Cam\u00ed d&#8217;en Kane, un dels col\u00b7lectius implicats en la &#8220;resist\u00e8ncia&#8221;.<\/p>\n<div class=\"x11i5rnm xat24cr x1mh8g0r x1vvkbs xdj266r x126k92a\">\n<div dir=\"auto\"><em>Un dia hist\u00f2ric per Ferreries i per Menorca<\/em><\/div>\n<\/div>\n<div class=\"x11i5rnm xat24cr x1mh8g0r x1vvkbs xtlvy1s x126k92a\">\n<div dir=\"auto\"><em>Avui ens ha sorpr\u00e8s gratament, molt gratament, la not\u00edcia de que finalment l\u2019Audi\u00e8ncia Provincial de les Illes Balears, en sent\u00e8ncia, afirma que el tram de Cam\u00ed d\u2019en Kane que passa per Binimoti \u00e9s p\u00fablic. Estem molt contents perqu\u00e8 hem aconseguit recuperar un b\u00e9 p\u00fablic, un b\u00e9 de tots, un cam\u00ed p\u00fablic en aquest cas que segons com hagu\u00e9s pogut anar la cosa s\u2019hagu\u00e9s pogut perdre per sempre. La feina d\u2019emp\u00e8nyer i reivindicar la titularitat p\u00fablica d\u2019aquest cam\u00ed no ha estat \u00fanicament nostra, ha estat<\/em> <em>una feina coral que han intervingut moltes persones i diverses administracions que han aconseguit a la fi, tornar al lloc on era abans aquest hist\u00f2ric cam\u00ed. Pensam amb l\u2019ajuntament de Ferreries a qui agra\u00efm la fe i l\u2019esfor\u00e7 que hi ha posat per aconseguir aquesta fita; pensam amb en Josep Masot advocat que ha fet una feinada per demostrar el car\u00e0cter p\u00fablic d\u2019aquest cam\u00ed; gr\u00e0cies tamb\u00e9 a n\u2019en Josep Sintes, advocat, per ajudar-nos en les querelles presentades per Binimoti contra ACK; pensam amb els i les volunt\u00e0ries que ens han ajudat, pensam molt amb els testimonis que amb el seu testimoniatge ens han ajudat molt\u00edssim a creure que se podia aconseguir obrir aquest cam\u00ed: Xec Camps, Lloren\u00e7 Pons, Joan Barber, Joan Pons Mart\u00ed, Consuelo, Jos\u00e9 des Barranc\u00f3, Joan Mart\u00ed Pelegr\u00ed, Tomeu Pons, Josep Mar\u00ed Sintes, Margarita Pons, en Pepel\u00edn i tantes altres persones que han estat al nostre costat.<\/em><\/div>\n<div dir=\"auto\"><em>Aquests \u00e9s una vict\u00f2ria per a Ferreries i per a Menorca, podrem gaudir amb tranquil\u00b7litat i amb pau d\u2019un cam\u00ed que sempre ha estat p\u00fablic i hist\u00f2ric.<\/em><\/div>\n<div dir=\"auto\"><em>Enhorabona a tothom!<\/em><\/div>\n<\/div>\n","protected":false},"excerpt":{"rendered":"<p>&#8230; l\u2019Audi\u00e8ncia Provincial dictamina la titularitat p\u00fablica del cam\u00ed d\u2019en Kane al seu pas per [&hellip;]<\/p>\n","protected":false},"author":3,"featured_media":5505,"comment_status":"closed","ping_status":"closed","sticky":false,"template":"","format":"standard","meta":{"site-sidebar-layout":"default","site-content-layout":"default","ast-site-content-layout":"","site-content-style":"default","site-sidebar-style":"default","ast-global-header-display":"","ast-banner-title-visibility":"","ast-main-header-display":"","ast-hfb-above-header-display":"","ast-hfb-below-header-display":"","ast-hfb-mobile-header-display":"","site-post-title":"","ast-breadcrumbs-content":"","ast-featured-img":"","footer-sml-layout":"","theme-transparent-header-meta":"default","adv-header-id-meta":"","stick-header-meta":"default","header-above-stick-meta":"","header-main-stick-meta":"","header-below-stick-meta":"","astra-migrate-meta-layouts":"default","ast-page-background-enabled":"default","ast-page-background-meta":{"desktop":{"background-color":"var(--ast-global-color-4)","background-image":"","background-repeat":"repeat","background-position":"center center","background-size":"auto","background-attachment":"scroll","background-type":"","background-media":"","overlay-type":"","overlay-color":"","overlay-opacity":"","overlay-gradient":""},"tablet":{"background-color":"","background-image":"","background-repeat":"repeat","background-position":"center center","background-size":"auto","background-attachment":"scroll","background-type":"","background-media":"","overlay-type":"","overlay-color":"","overlay-opacity":"","overlay-gradient":""},"mobile":{"background-color":"","background-image":"","background-repeat":"repeat","background-position":"center center","background-size":"auto","background-attachment":"scroll","background-type":"","background-media":"","overlay-type":"","overlay-color":"","overlay-opacity":"","overlay-gradient":""}},"ast-content-background-meta":{"desktop":{"background-color":"var(--ast-global-color-5)","background-image":"","background-repeat":"repeat","background-position":"center center","background-size":"auto","background-attachment":"scroll","background-type":"","background-media":"","overlay-type":"","overlay-color":"","overlay-opacity":"","overlay-gradient":""},"tablet":{"background-color":"var(--ast-global-color-5)","background-image":"","background-repeat":"repeat","background-position":"center center","background-size":"auto","background-attachment":"scroll","background-type":"","background-media":"","overlay-type":"","overlay-color":"","overlay-opacity":"","overlay-gradient":""},"mobile":{"background-color":"var(--ast-global-color-5)","background-image":"","background-repeat":"repeat","background-position":"center center","background-size":"auto","background-attachment":"scroll","background-type":"","background-media":"","overlay-type":"","overlay-color":"","overlay-opacity":"","overlay-gradient":""}},"footnotes":""},"categories":[7],"tags":[128],"class_list":["post-5466","post","type-post","status-publish","format-standard","has-post-thumbnail","hentry","category-noticies","tag-97-gener-2023"],"_links":{"self":[{"href":"https:\/\/sompirineu.cat\/senderia\/wp-json\/wp\/v2\/posts\/5466","targetHints":{"allow":["GET"]}}],"collection":[{"href":"https:\/\/sompirineu.cat\/senderia\/wp-json\/wp\/v2\/posts"}],"about":[{"href":"https:\/\/sompirineu.cat\/senderia\/wp-json\/wp\/v2\/types\/post"}],"author":[{"embeddable":true,"href":"https:\/\/sompirineu.cat\/senderia\/wp-json\/wp\/v2\/users\/3"}],"replies":[{"embeddable":true,"href":"https:\/\/sompirineu.cat\/senderia\/wp-json\/wp\/v2\/comments?post=5466"}],"version-history":[{"count":5,"href":"https:\/\/sompirineu.cat\/senderia\/wp-json\/wp\/v2\/posts\/5466\/revisions"}],"predecessor-version":[{"id":5535,"href":"https:\/\/sompirineu.cat\/senderia\/wp-json\/wp\/v2\/posts\/5466\/revisions\/5535"}],"wp:featuredmedia":[{"embeddable":true,"href":"https:\/\/sompirineu.cat\/senderia\/wp-json\/wp\/v2\/media\/5505"}],"wp:attachment":[{"href":"https:\/\/sompirineu.cat\/senderia\/wp-json\/wp\/v2\/media?parent=5466"}],"wp:term":[{"taxonomy":"category","embeddable":true,"href":"https:\/\/sompirineu.cat\/senderia\/wp-json\/wp\/v2\/categories?post=5466"},{"taxonomy":"post_tag","embeddable":true,"href":"https:\/\/sompirineu.cat\/senderia\/wp-json\/wp\/v2\/tags?post=5466"}],"curies":[{"name":"wp","href":"https:\/\/api.w.org\/{rel}","templated":true}]}}