{"id":5519,"date":"2023-01-24T10:58:07","date_gmt":"2023-01-24T09:58:07","guid":{"rendered":"https:\/\/sompirineu.cat\/senderia\/?p=5519"},"modified":"2023-01-24T18:24:11","modified_gmt":"2023-01-24T17:24:11","slug":"una-historia-alpina","status":"publish","type":"post","link":"https:\/\/sompirineu.cat\/senderia\/una-historia-alpina\/","title":{"rendered":"Una hist\u00f2ria alpina"},"content":{"rendered":"<p><em>\u201c<span style=\"color: #808080;\">Val Bavona es uno de los valles m\u00e1s salvajes de los Alpes suizos. Ubicado en los confines del Ticino, se ha mantenido congelado en el siglo XVI. El valle solo est\u00e1 habitado en el verano y, fiel a sus ra\u00edces r\u00fasticas, se resiste a la electricidad<\/span>\u201d.<\/em> Aquesta frase, un xic impactant, constitueix la introducci\u00f3 d\u2019un <a href=\"https:\/\/houseofswitzerland.org\/es\/taxonomy\/term\/7\/val-bavona-el-inhospito-valle-petrificado-en-el-tiempo\" target=\"_blank\" rel=\"noopener\">article<\/a> publicat el mes d\u2019abril del 2022 (i no pas del 1930) en un web que gestiona el Departament d\u2019Afers Exteriors federal. Hi hem anat a parar perqu\u00e8 vol\u00edem saber m\u00e9s d\u2019aquesta zona, la Val Bavona, situada en el cant\u00f3 su\u00eds de parla italiana, despr\u00e9s d\u2019haver gaudit amb la lectura d\u2019<strong><em>El fons del sac<\/em><\/strong>, de l\u2019escriptor Plinio Martini (1923-1979), nadiu de Cavergno, un municipi de la comarca que, per cert, avui ja no existeix (per agregaci\u00f3 a un altre).<\/p>\n<p>Per boca d\u2019en Gori Valdi, el personatge central, coneixem, narrada en primera persona a un interlocutor desconegut i anant enrere en el temps, la dura vida quotidiana d&#8217;aquesta vall alpina durant els anys vint del segle passat, en unes condicions que ratllen la mis\u00e8ria, pujant i baixant el bestiar de les pastures quan toca o traslladant pesats sacs a peu fins a les cotes altes per quatre duros, en una comunitat tancada i estricta on sobresurt la figura del capell\u00e0 Don Giuseppe.<\/p>\n<p>No \u00e9s estrany, doncs, que l\u2019any 1928 emprengui, juntament amb el seu germ\u00e0, i com van haver de fer tants altres, el cam\u00ed d\u2019Am\u00e8rica, amb la il\u00b7lusi\u00f3 de fer-hi fortuna. S\u2019hi estar\u00e0 disset anys, complint efectivament les expectatives, per\u00f2 amb una enyoran\u00e7a que el corrou, un enyor de la vida lenta, tranquil\u00b7la, i tamb\u00e9 pobra, que s\u2019oposa a la d&#8217;una Calif\u00f2rnia en la qual no s\u2019integra i a la qual no ent\u00e9n.<\/p>\n<p>Quan torna a casa, ja no troba all\u00f2 que hi havia deixat (ni la malaguanyada Maddalena) i, sense cap concessi\u00f3, aquest buit traspua pr\u00e0cticament en totes i cadascuna de les p\u00e0gines del text.<\/p>\n<p>Una novel\u00b7la trista, desesperan\u00e7ada, per\u00f2 magn\u00edfica, en un escenari alp\u00ed que tamb\u00e9 podria ser pirinenc. I \u00e9s que, a vegades, els fets narrats i les imatges suggerides ens han portat a qualsevol llogarret de les nostres muntanyes i als records que hem sentit rememorar als padrins.<\/p>\n","protected":false},"excerpt":{"rendered":"<p>\u201cVal Bavona es uno de los valles m\u00e1s salvajes de los Alpes suizos. Ubicado en [&hellip;]<\/p>\n","protected":false},"author":3,"featured_media":5518,"comment_status":"closed","ping_status":"closed","sticky":false,"template":"","format":"standard","meta":{"site-sidebar-layout":"default","site-content-layout":"default","ast-site-content-layout":"","site-content-style":"default","site-sidebar-style":"default","ast-global-header-display":"","ast-banner-title-visibility":"","ast-main-header-display":"","ast-hfb-above-header-display":"","ast-hfb-below-header-display":"","ast-hfb-mobile-header-display":"","site-post-title":"","ast-breadcrumbs-content":"","ast-featured-img":"","footer-sml-layout":"","theme-transparent-header-meta":"default","adv-header-id-meta":"","stick-header-meta":"default","header-above-stick-meta":"","header-main-stick-meta":"","header-below-stick-meta":"","astra-migrate-meta-layouts":"default","ast-page-background-enabled":"default","ast-page-background-meta":{"desktop":{"background-color":"var(--ast-global-color-4)","background-image":"","background-repeat":"repeat","background-position":"center center","background-size":"auto","background-attachment":"scroll","background-type":"","background-media":"","overlay-type":"","overlay-color":"","overlay-opacity":"","overlay-gradient":""},"tablet":{"background-color":"","background-image":"","background-repeat":"repeat","background-position":"center center","background-size":"auto","background-attachment":"scroll","background-type":"","background-media":"","overlay-type":"","overlay-color":"","overlay-opacity":"","overlay-gradient":""},"mobile":{"background-color":"","background-image":"","background-repeat":"repeat","background-position":"center center","background-size":"auto","background-attachment":"scroll","background-type":"","background-media":"","overlay-type":"","overlay-color":"","overlay-opacity":"","overlay-gradient":""}},"ast-content-background-meta":{"desktop":{"background-color":"var(--ast-global-color-5)","background-image":"","background-repeat":"repeat","background-position":"center center","background-size":"auto","background-attachment":"scroll","background-type":"","background-media":"","overlay-type":"","overlay-color":"","overlay-opacity":"","overlay-gradient":""},"tablet":{"background-color":"var(--ast-global-color-5)","background-image":"","background-repeat":"repeat","background-position":"center center","background-size":"auto","background-attachment":"scroll","background-type":"","background-media":"","overlay-type":"","overlay-color":"","overlay-opacity":"","overlay-gradient":""},"mobile":{"background-color":"var(--ast-global-color-5)","background-image":"","background-repeat":"repeat","background-position":"center center","background-size":"auto","background-attachment":"scroll","background-type":"","background-media":"","overlay-type":"","overlay-color":"","overlay-opacity":"","overlay-gradient":""}},"footnotes":""},"categories":[4],"tags":[128],"class_list":["post-5519","post","type-post","status-publish","format-standard","has-post-thumbnail","hentry","category-sendes-literaries","tag-97-gener-2023"],"_links":{"self":[{"href":"https:\/\/sompirineu.cat\/senderia\/wp-json\/wp\/v2\/posts\/5519","targetHints":{"allow":["GET"]}}],"collection":[{"href":"https:\/\/sompirineu.cat\/senderia\/wp-json\/wp\/v2\/posts"}],"about":[{"href":"https:\/\/sompirineu.cat\/senderia\/wp-json\/wp\/v2\/types\/post"}],"author":[{"embeddable":true,"href":"https:\/\/sompirineu.cat\/senderia\/wp-json\/wp\/v2\/users\/3"}],"replies":[{"embeddable":true,"href":"https:\/\/sompirineu.cat\/senderia\/wp-json\/wp\/v2\/comments?post=5519"}],"version-history":[{"count":4,"href":"https:\/\/sompirineu.cat\/senderia\/wp-json\/wp\/v2\/posts\/5519\/revisions"}],"predecessor-version":[{"id":5523,"href":"https:\/\/sompirineu.cat\/senderia\/wp-json\/wp\/v2\/posts\/5519\/revisions\/5523"}],"wp:featuredmedia":[{"embeddable":true,"href":"https:\/\/sompirineu.cat\/senderia\/wp-json\/wp\/v2\/media\/5518"}],"wp:attachment":[{"href":"https:\/\/sompirineu.cat\/senderia\/wp-json\/wp\/v2\/media?parent=5519"}],"wp:term":[{"taxonomy":"category","embeddable":true,"href":"https:\/\/sompirineu.cat\/senderia\/wp-json\/wp\/v2\/categories?post=5519"},{"taxonomy":"post_tag","embeddable":true,"href":"https:\/\/sompirineu.cat\/senderia\/wp-json\/wp\/v2\/tags?post=5519"}],"curies":[{"name":"wp","href":"https:\/\/api.w.org\/{rel}","templated":true}]}}