{"id":5557,"date":"2023-02-25T11:01:12","date_gmt":"2023-02-25T10:01:12","guid":{"rendered":"https:\/\/sompirineu.cat\/senderia\/?p=5557"},"modified":"2023-02-28T19:05:15","modified_gmt":"2023-02-28T18:05:15","slug":"miracle-a-la-toscana","status":"publish","type":"post","link":"https:\/\/sompirineu.cat\/senderia\/miracle-a-la-toscana\/","title":{"rendered":"Miracle a la Toscana"},"content":{"rendered":"<p>Fa uns dies, remenant pels prestatges de la badalonina llibreria Mitja Mosca, ens crid\u00e0 l\u2019atenci\u00f3 una portada. I encara m\u00e9s, la contraportada. Deia aix\u00ed: \u201c<em>El desembre del 2019, Alba Donati, una reconeguda poeta italiana, va decidir canviar de vida i obrir una llibreria a Lucignana, el poblet de la Toscana on va n\u00e9ixer. Amb tan sols cent vuitanta habitants, l\u2019empresa semblava condemnada al frac\u00e0s, per\u00f2 sorprenentment va despertar entusiasme<\/em>\u201d. La connexi\u00f3 va ser autom\u00e0tica: substituint unes poquetes paraules an\u00e0vem de pet a Alins, al Pallars Sobir\u00e0, amb els seus setanta-vuit habitants i amb la Meritxell \u00c1lvarez darrera el taulell de la llibreria NaturaLlibres, que va obrir el desembre de 2020, justament un any despr\u00e9s.<\/p>\n<p>No cal dir que, nom\u00e9s per aquestes curioses coincid\u00e8ncies, el llibre en q\u00fcesti\u00f3, <strong><em>La llibreria del tur\u00f3<\/em><\/strong>, va acabar als nostres prestatges. I s\u00ed cal dir que, una vegada llegit, reposa en l\u2019espai destinat als imprescindibles.<\/p>\n<p>Per qu\u00e8? Perqu\u00e8 l\u2019autora i alhora llibretera, l\u2019Alba Donati, ens relata el dia a dia de la botiga en el per\u00edode de cinc mesos, els compresos entre el 20 de gener i el 20 de juny de 2020, i, aix\u00ed, anem veient quines s\u00f3n les motivacions per encarar el que sembla un impossible; com van avan\u00e7ant els treballs d\u2019embelliment de la botiga i del seu jard\u00ed; quins tocs personal\u00edssims (el que en dir\u00edem <em>pijadetes<\/em>) hi implanta; com tota una veritable xarxa de col\u00b7laboradors es va incorporant al projecte&#8230; \u00e9s a dir, com va prenent forma una iniciativa individual i particular que acaba sent pr\u00e0cticament col\u00b7lectiva i popular.<\/p>\n<p>I coneixem tamb\u00e9 la peculiar i disfuncional fam\u00edlia de l\u2019Alba, la seva mare de cent-dos anys, el seu pare de noranta i tants, i ens enamorem de la Donatella i del Mike, de l\u2019Alessandra i de la Tessa&#8230; de gaireb\u00e9 tot el poble, cadascun aportant el que sap fer i ajudant en el que pot.<\/p>\n<p>Els altres protagonistes s\u00f3n, \u00e9s clar, els llibres. A trav\u00e9s de les petites cites i refer\u00e8ncies d\u2019autors, sobretot transalpins, que esquitxen el text i que ens inciten a saber-ne m\u00e9s, i especialment a trav\u00e9s del llistat de comandes que cada dia arriben a la botiga. Nom\u00e9s amb aix\u00f2, ja ens podr\u00edem fer un variat i durador programa de lectures per a uns quants anys&#8230;<\/p>\n<p>En definitiva, una hist\u00f2ria que sembla petita, per\u00f2 que no ho \u00e9s gens, que \u00e9s plena de passi\u00f3 i de delicadesa, de solidaritat i de comprom\u00eds. I per poc sensibles que siguem, alguna llagrimeta caur\u00e0, cosa que, qu\u00e8 coi, de vegades fa molt b\u00e9.<\/p>\n<p>Ah, i no hi trobarem ni camins ni caminades. Llibres i llibreries, a la Toscana&#8230; i a Alins.<\/p>\n","protected":false},"excerpt":{"rendered":"<p>Fa uns dies, remenant pels prestatges de la badalonina llibreria Mitja Mosca, ens crid\u00e0 l\u2019atenci\u00f3 [&hellip;]<\/p>\n","protected":false},"author":3,"featured_media":5556,"comment_status":"closed","ping_status":"closed","sticky":false,"template":"","format":"standard","meta":{"site-sidebar-layout":"default","site-content-layout":"default","ast-site-content-layout":"default","site-content-style":"default","site-sidebar-style":"default","ast-global-header-display":"","ast-banner-title-visibility":"","ast-main-header-display":"","ast-hfb-above-header-display":"","ast-hfb-below-header-display":"","ast-hfb-mobile-header-display":"","site-post-title":"","ast-breadcrumbs-content":"","ast-featured-img":"","footer-sml-layout":"","ast-disable-related-posts":"","theme-transparent-header-meta":"default","adv-header-id-meta":"","stick-header-meta":"default","header-above-stick-meta":"","header-main-stick-meta":"","header-below-stick-meta":"","astra-migrate-meta-layouts":"default","ast-page-background-enabled":"default","ast-page-background-meta":{"desktop":{"background-color":"var(--ast-global-color-4)","background-image":"","background-repeat":"repeat","background-position":"center center","background-size":"auto","background-attachment":"scroll","background-type":"","background-media":"","overlay-type":"","overlay-color":"","overlay-opacity":"","overlay-gradient":""},"tablet":{"background-color":"","background-image":"","background-repeat":"repeat","background-position":"center center","background-size":"auto","background-attachment":"scroll","background-type":"","background-media":"","overlay-type":"","overlay-color":"","overlay-opacity":"","overlay-gradient":""},"mobile":{"background-color":"","background-image":"","background-repeat":"repeat","background-position":"center center","background-size":"auto","background-attachment":"scroll","background-type":"","background-media":"","overlay-type":"","overlay-color":"","overlay-opacity":"","overlay-gradient":""}},"ast-content-background-meta":{"desktop":{"background-color":"var(--ast-global-color-5)","background-image":"","background-repeat":"repeat","background-position":"center center","background-size":"auto","background-attachment":"scroll","background-type":"","background-media":"","overlay-type":"","overlay-color":"","overlay-opacity":"","overlay-gradient":""},"tablet":{"background-color":"var(--ast-global-color-5)","background-image":"","background-repeat":"repeat","background-position":"center center","background-size":"auto","background-attachment":"scroll","background-type":"","background-media":"","overlay-type":"","overlay-color":"","overlay-opacity":"","overlay-gradient":""},"mobile":{"background-color":"var(--ast-global-color-5)","background-image":"","background-repeat":"repeat","background-position":"center center","background-size":"auto","background-attachment":"scroll","background-type":"","background-media":"","overlay-type":"","overlay-color":"","overlay-opacity":"","overlay-gradient":""}},"footnotes":""},"categories":[4],"tags":[129],"class_list":["post-5557","post","type-post","status-publish","format-standard","has-post-thumbnail","hentry","category-sendes-literaries","tag-98-febrer-2023"],"yoast_head":"<!-- This site is optimized with the Yoast SEO plugin v27.6 - https:\/\/yoast.com\/product\/yoast-seo-wordpress\/ -->\n<title>Miracle a la Toscana - SENd\u00c8RIA<\/title>\n<meta name=\"robots\" content=\"index, follow, max-snippet:-1, max-image-preview:large, max-video-preview:-1\" \/>\n<link rel=\"canonical\" href=\"https:\/\/sompirineu.cat\/senderia\/miracle-a-la-toscana\/\" \/>\n<meta property=\"og:locale\" content=\"ca_ES\" \/>\n<meta property=\"og:type\" content=\"article\" \/>\n<meta property=\"og:title\" content=\"Miracle a la Toscana - SENd\u00c8RIA\" \/>\n<meta property=\"og:description\" content=\"Fa uns dies, remenant pels prestatges de la badalonina llibreria Mitja Mosca, ens crid\u00e0 l\u2019atenci\u00f3 [&hellip;]\" \/>\n<meta property=\"og:url\" content=\"https:\/\/sompirineu.cat\/senderia\/miracle-a-la-toscana\/\" \/>\n<meta property=\"og:site_name\" content=\"SENd\u00c8RIA\" \/>\n<meta property=\"article:published_time\" content=\"2023-02-25T10:01:12+00:00\" \/>\n<meta property=\"article:modified_time\" content=\"2023-02-28T18:05:15+00:00\" \/>\n<meta property=\"og:image\" content=\"https:\/\/sompirineu.cat\/senderia\/wp-content\/uploads\/2023\/02\/08_Sendes.jpg\" \/>\n\t<meta property=\"og:image:width\" content=\"250\" \/>\n\t<meta property=\"og:image:height\" content=\"381\" \/>\n\t<meta property=\"og:image:type\" content=\"image\/jpeg\" \/>\n<meta name=\"author\" content=\"Agust\u00ed Andres Teixidor\" \/>\n<meta name=\"twitter:card\" content=\"summary_large_image\" \/>\n<meta name=\"twitter:label1\" content=\"Escrit per\" \/>\n\t<meta name=\"twitter:data1\" content=\"Agust\u00ed Andres Teixidor\" \/>\n\t<meta name=\"twitter:label2\" content=\"Temps estimat de lectura\" \/>\n\t<meta name=\"twitter:data2\" content=\"2 minuts\" \/>\n<script type=\"application\/ld+json\" class=\"yoast-schema-graph\">{\"@context\":\"https:\\\/\\\/schema.org\",\"@graph\":[{\"@type\":\"Article\",\"@id\":\"https:\\\/\\\/sompirineu.cat\\\/senderia\\\/miracle-a-la-toscana\\\/#article\",\"isPartOf\":{\"@id\":\"https:\\\/\\\/sompirineu.cat\\\/senderia\\\/miracle-a-la-toscana\\\/\"},\"author\":{\"name\":\"Agust\u00ed Andres Teixidor\",\"@id\":\"https:\\\/\\\/sompirineu.cat\\\/senderia\\\/#\\\/schema\\\/person\\\/4b895c81844c9dadc657e9cd009c4848\"},\"headline\":\"Miracle a la Toscana\",\"datePublished\":\"2023-02-25T10:01:12+00:00\",\"dateModified\":\"2023-02-28T18:05:15+00:00\",\"mainEntityOfPage\":{\"@id\":\"https:\\\/\\\/sompirineu.cat\\\/senderia\\\/miracle-a-la-toscana\\\/\"},\"wordCount\":473,\"publisher\":{\"@id\":\"https:\\\/\\\/sompirineu.cat\\\/senderia\\\/#organization\"},\"image\":{\"@id\":\"https:\\\/\\\/sompirineu.cat\\\/senderia\\\/miracle-a-la-toscana\\\/#primaryimage\"},\"thumbnailUrl\":\"https:\\\/\\\/sompirineu.cat\\\/senderia\\\/wp-content\\\/uploads\\\/2023\\\/02\\\/08_Sendes.jpg\",\"keywords\":[\"98 - febrer 2023\"],\"articleSection\":[\"Sendes liter\u00e0ries\"],\"inLanguage\":\"ca\"},{\"@type\":\"WebPage\",\"@id\":\"https:\\\/\\\/sompirineu.cat\\\/senderia\\\/miracle-a-la-toscana\\\/\",\"url\":\"https:\\\/\\\/sompirineu.cat\\\/senderia\\\/miracle-a-la-toscana\\\/\",\"name\":\"Miracle a la Toscana - SENd\u00c8RIA\",\"isPartOf\":{\"@id\":\"https:\\\/\\\/sompirineu.cat\\\/senderia\\\/#website\"},\"primaryImageOfPage\":{\"@id\":\"https:\\\/\\\/sompirineu.cat\\\/senderia\\\/miracle-a-la-toscana\\\/#primaryimage\"},\"image\":{\"@id\":\"https:\\\/\\\/sompirineu.cat\\\/senderia\\\/miracle-a-la-toscana\\\/#primaryimage\"},\"thumbnailUrl\":\"https:\\\/\\\/sompirineu.cat\\\/senderia\\\/wp-content\\\/uploads\\\/2023\\\/02\\\/08_Sendes.jpg\",\"datePublished\":\"2023-02-25T10:01:12+00:00\",\"dateModified\":\"2023-02-28T18:05:15+00:00\",\"breadcrumb\":{\"@id\":\"https:\\\/\\\/sompirineu.cat\\\/senderia\\\/miracle-a-la-toscana\\\/#breadcrumb\"},\"inLanguage\":\"ca\",\"potentialAction\":[{\"@type\":\"ReadAction\",\"target\":[\"https:\\\/\\\/sompirineu.cat\\\/senderia\\\/miracle-a-la-toscana\\\/\"]}]},{\"@type\":\"ImageObject\",\"inLanguage\":\"ca\",\"@id\":\"https:\\\/\\\/sompirineu.cat\\\/senderia\\\/miracle-a-la-toscana\\\/#primaryimage\",\"url\":\"https:\\\/\\\/sompirineu.cat\\\/senderia\\\/wp-content\\\/uploads\\\/2023\\\/02\\\/08_Sendes.jpg\",\"contentUrl\":\"https:\\\/\\\/sompirineu.cat\\\/senderia\\\/wp-content\\\/uploads\\\/2023\\\/02\\\/08_Sendes.jpg\",\"width\":250,\"height\":381},{\"@type\":\"BreadcrumbList\",\"@id\":\"https:\\\/\\\/sompirineu.cat\\\/senderia\\\/miracle-a-la-toscana\\\/#breadcrumb\",\"itemListElement\":[{\"@type\":\"ListItem\",\"position\":1,\"name\":\"Inici\",\"item\":\"https:\\\/\\\/sompirineu.cat\\\/senderia\\\/\"},{\"@type\":\"ListItem\",\"position\":2,\"name\":\"Miracle a la Toscana\"}]},{\"@type\":\"WebSite\",\"@id\":\"https:\\\/\\\/sompirineu.cat\\\/senderia\\\/#website\",\"url\":\"https:\\\/\\\/sompirineu.cat\\\/senderia\\\/\",\"name\":\"SENd\u00c8RIA\",\"description\":\"Revista dels camins i el caminar\",\"publisher\":{\"@id\":\"https:\\\/\\\/sompirineu.cat\\\/senderia\\\/#organization\"},\"potentialAction\":[{\"@type\":\"SearchAction\",\"target\":{\"@type\":\"EntryPoint\",\"urlTemplate\":\"https:\\\/\\\/sompirineu.cat\\\/senderia\\\/?s={search_term_string}\"},\"query-input\":{\"@type\":\"PropertyValueSpecification\",\"valueRequired\":true,\"valueName\":\"search_term_string\"}}],\"inLanguage\":\"ca\"},{\"@type\":\"Organization\",\"@id\":\"https:\\\/\\\/sompirineu.cat\\\/senderia\\\/#organization\",\"name\":\"SENd\u00c8RIA\",\"url\":\"https:\\\/\\\/sompirineu.cat\\\/senderia\\\/\",\"logo\":{\"@type\":\"ImageObject\",\"inLanguage\":\"ca\",\"@id\":\"https:\\\/\\\/sompirineu.cat\\\/senderia\\\/#\\\/schema\\\/logo\\\/image\\\/\",\"url\":\"https:\\\/\\\/sompirineu.cat\\\/senderia\\\/wp-content\\\/uploads\\\/2025\\\/05\\\/logos-03.png\",\"contentUrl\":\"https:\\\/\\\/sompirineu.cat\\\/senderia\\\/wp-content\\\/uploads\\\/2025\\\/05\\\/logos-03.png\",\"width\":936,\"height\":233,\"caption\":\"SENd\u00c8RIA\"},\"image\":{\"@id\":\"https:\\\/\\\/sompirineu.cat\\\/senderia\\\/#\\\/schema\\\/logo\\\/image\\\/\"}},{\"@type\":\"Person\",\"@id\":\"https:\\\/\\\/sompirineu.cat\\\/senderia\\\/#\\\/schema\\\/person\\\/4b895c81844c9dadc657e9cd009c4848\",\"name\":\"Agust\u00ed Andres Teixidor\",\"image\":{\"@type\":\"ImageObject\",\"inLanguage\":\"ca\",\"@id\":\"https:\\\/\\\/secure.gravatar.com\\\/avatar\\\/ee3adf29368c12e9a02ca971f69562e73f280cc15cb7e71f206eb89583c2d247?s=96&d=mm&r=g\",\"url\":\"https:\\\/\\\/secure.gravatar.com\\\/avatar\\\/ee3adf29368c12e9a02ca971f69562e73f280cc15cb7e71f206eb89583c2d247?s=96&d=mm&r=g\",\"contentUrl\":\"https:\\\/\\\/secure.gravatar.com\\\/avatar\\\/ee3adf29368c12e9a02ca971f69562e73f280cc15cb7e71f206eb89583c2d247?s=96&d=mm&r=g\",\"caption\":\"Agust\u00ed Andres Teixidor\"},\"url\":\"https:\\\/\\\/sompirineu.cat\\\/senderia\\\/author\\\/agusti-andres\\\/\"}]}<\/script>\n<!-- \/ Yoast SEO plugin. -->","yoast_head_json":{"title":"Miracle a la Toscana - SENd\u00c8RIA","robots":{"index":"index","follow":"follow","max-snippet":"max-snippet:-1","max-image-preview":"max-image-preview:large","max-video-preview":"max-video-preview:-1"},"canonical":"https:\/\/sompirineu.cat\/senderia\/miracle-a-la-toscana\/","og_locale":"ca_ES","og_type":"article","og_title":"Miracle a la Toscana - SENd\u00c8RIA","og_description":"Fa uns dies, remenant pels prestatges de la badalonina llibreria Mitja Mosca, ens crid\u00e0 l\u2019atenci\u00f3 [&hellip;]","og_url":"https:\/\/sompirineu.cat\/senderia\/miracle-a-la-toscana\/","og_site_name":"SENd\u00c8RIA","article_published_time":"2023-02-25T10:01:12+00:00","article_modified_time":"2023-02-28T18:05:15+00:00","og_image":[{"width":250,"height":381,"url":"https:\/\/sompirineu.cat\/senderia\/wp-content\/uploads\/2023\/02\/08_Sendes.jpg","type":"image\/jpeg"}],"author":"Agust\u00ed Andres Teixidor","twitter_card":"summary_large_image","twitter_misc":{"Escrit per":"Agust\u00ed Andres Teixidor","Temps estimat de lectura":"2 minuts"},"schema":{"@context":"https:\/\/schema.org","@graph":[{"@type":"Article","@id":"https:\/\/sompirineu.cat\/senderia\/miracle-a-la-toscana\/#article","isPartOf":{"@id":"https:\/\/sompirineu.cat\/senderia\/miracle-a-la-toscana\/"},"author":{"name":"Agust\u00ed Andres Teixidor","@id":"https:\/\/sompirineu.cat\/senderia\/#\/schema\/person\/4b895c81844c9dadc657e9cd009c4848"},"headline":"Miracle a la Toscana","datePublished":"2023-02-25T10:01:12+00:00","dateModified":"2023-02-28T18:05:15+00:00","mainEntityOfPage":{"@id":"https:\/\/sompirineu.cat\/senderia\/miracle-a-la-toscana\/"},"wordCount":473,"publisher":{"@id":"https:\/\/sompirineu.cat\/senderia\/#organization"},"image":{"@id":"https:\/\/sompirineu.cat\/senderia\/miracle-a-la-toscana\/#primaryimage"},"thumbnailUrl":"https:\/\/sompirineu.cat\/senderia\/wp-content\/uploads\/2023\/02\/08_Sendes.jpg","keywords":["98 - febrer 2023"],"articleSection":["Sendes liter\u00e0ries"],"inLanguage":"ca"},{"@type":"WebPage","@id":"https:\/\/sompirineu.cat\/senderia\/miracle-a-la-toscana\/","url":"https:\/\/sompirineu.cat\/senderia\/miracle-a-la-toscana\/","name":"Miracle a la Toscana - SENd\u00c8RIA","isPartOf":{"@id":"https:\/\/sompirineu.cat\/senderia\/#website"},"primaryImageOfPage":{"@id":"https:\/\/sompirineu.cat\/senderia\/miracle-a-la-toscana\/#primaryimage"},"image":{"@id":"https:\/\/sompirineu.cat\/senderia\/miracle-a-la-toscana\/#primaryimage"},"thumbnailUrl":"https:\/\/sompirineu.cat\/senderia\/wp-content\/uploads\/2023\/02\/08_Sendes.jpg","datePublished":"2023-02-25T10:01:12+00:00","dateModified":"2023-02-28T18:05:15+00:00","breadcrumb":{"@id":"https:\/\/sompirineu.cat\/senderia\/miracle-a-la-toscana\/#breadcrumb"},"inLanguage":"ca","potentialAction":[{"@type":"ReadAction","target":["https:\/\/sompirineu.cat\/senderia\/miracle-a-la-toscana\/"]}]},{"@type":"ImageObject","inLanguage":"ca","@id":"https:\/\/sompirineu.cat\/senderia\/miracle-a-la-toscana\/#primaryimage","url":"https:\/\/sompirineu.cat\/senderia\/wp-content\/uploads\/2023\/02\/08_Sendes.jpg","contentUrl":"https:\/\/sompirineu.cat\/senderia\/wp-content\/uploads\/2023\/02\/08_Sendes.jpg","width":250,"height":381},{"@type":"BreadcrumbList","@id":"https:\/\/sompirineu.cat\/senderia\/miracle-a-la-toscana\/#breadcrumb","itemListElement":[{"@type":"ListItem","position":1,"name":"Inici","item":"https:\/\/sompirineu.cat\/senderia\/"},{"@type":"ListItem","position":2,"name":"Miracle a la Toscana"}]},{"@type":"WebSite","@id":"https:\/\/sompirineu.cat\/senderia\/#website","url":"https:\/\/sompirineu.cat\/senderia\/","name":"SENd\u00c8RIA","description":"Revista dels camins i el caminar","publisher":{"@id":"https:\/\/sompirineu.cat\/senderia\/#organization"},"potentialAction":[{"@type":"SearchAction","target":{"@type":"EntryPoint","urlTemplate":"https:\/\/sompirineu.cat\/senderia\/?s={search_term_string}"},"query-input":{"@type":"PropertyValueSpecification","valueRequired":true,"valueName":"search_term_string"}}],"inLanguage":"ca"},{"@type":"Organization","@id":"https:\/\/sompirineu.cat\/senderia\/#organization","name":"SENd\u00c8RIA","url":"https:\/\/sompirineu.cat\/senderia\/","logo":{"@type":"ImageObject","inLanguage":"ca","@id":"https:\/\/sompirineu.cat\/senderia\/#\/schema\/logo\/image\/","url":"https:\/\/sompirineu.cat\/senderia\/wp-content\/uploads\/2025\/05\/logos-03.png","contentUrl":"https:\/\/sompirineu.cat\/senderia\/wp-content\/uploads\/2025\/05\/logos-03.png","width":936,"height":233,"caption":"SENd\u00c8RIA"},"image":{"@id":"https:\/\/sompirineu.cat\/senderia\/#\/schema\/logo\/image\/"}},{"@type":"Person","@id":"https:\/\/sompirineu.cat\/senderia\/#\/schema\/person\/4b895c81844c9dadc657e9cd009c4848","name":"Agust\u00ed Andres Teixidor","image":{"@type":"ImageObject","inLanguage":"ca","@id":"https:\/\/secure.gravatar.com\/avatar\/ee3adf29368c12e9a02ca971f69562e73f280cc15cb7e71f206eb89583c2d247?s=96&d=mm&r=g","url":"https:\/\/secure.gravatar.com\/avatar\/ee3adf29368c12e9a02ca971f69562e73f280cc15cb7e71f206eb89583c2d247?s=96&d=mm&r=g","contentUrl":"https:\/\/secure.gravatar.com\/avatar\/ee3adf29368c12e9a02ca971f69562e73f280cc15cb7e71f206eb89583c2d247?s=96&d=mm&r=g","caption":"Agust\u00ed Andres Teixidor"},"url":"https:\/\/sompirineu.cat\/senderia\/author\/agusti-andres\/"}]}},"_links":{"self":[{"href":"https:\/\/sompirineu.cat\/senderia\/wp-json\/wp\/v2\/posts\/5557","targetHints":{"allow":["GET"]}}],"collection":[{"href":"https:\/\/sompirineu.cat\/senderia\/wp-json\/wp\/v2\/posts"}],"about":[{"href":"https:\/\/sompirineu.cat\/senderia\/wp-json\/wp\/v2\/types\/post"}],"author":[{"embeddable":true,"href":"https:\/\/sompirineu.cat\/senderia\/wp-json\/wp\/v2\/users\/3"}],"replies":[{"embeddable":true,"href":"https:\/\/sompirineu.cat\/senderia\/wp-json\/wp\/v2\/comments?post=5557"}],"version-history":[{"count":2,"href":"https:\/\/sompirineu.cat\/senderia\/wp-json\/wp\/v2\/posts\/5557\/revisions"}],"predecessor-version":[{"id":5559,"href":"https:\/\/sompirineu.cat\/senderia\/wp-json\/wp\/v2\/posts\/5557\/revisions\/5559"}],"wp:featuredmedia":[{"embeddable":true,"href":"https:\/\/sompirineu.cat\/senderia\/wp-json\/wp\/v2\/media\/5556"}],"wp:attachment":[{"href":"https:\/\/sompirineu.cat\/senderia\/wp-json\/wp\/v2\/media?parent=5557"}],"wp:term":[{"taxonomy":"category","embeddable":true,"href":"https:\/\/sompirineu.cat\/senderia\/wp-json\/wp\/v2\/categories?post=5557"},{"taxonomy":"post_tag","embeddable":true,"href":"https:\/\/sompirineu.cat\/senderia\/wp-json\/wp\/v2\/tags?post=5557"}],"curies":[{"name":"wp","href":"https:\/\/api.w.org\/{rel}","templated":true}]}}