{"id":5577,"date":"2023-02-25T03:00:27","date_gmt":"2023-02-25T02:00:27","guid":{"rendered":"https:\/\/sompirineu.cat\/senderia\/?p=5577"},"modified":"2023-02-28T19:05:15","modified_gmt":"2023-02-28T18:05:15","slug":"de-corriols-i-bicicletes","status":"publish","type":"post","link":"https:\/\/sompirineu.cat\/senderia\/de-corriols-i-bicicletes\/","title":{"rendered":"De corriols i bicicletes"},"content":{"rendered":"<p>No es tracta, com afirmava un titular poc prec\u00eds d\u2019un diari local, \u201c<em>d\u2019una campanya contra els ciclistes al Parc Natural de Sant Lloren\u00e7 del Munt i l\u2019Obac<\/em>\u201d. M\u00e9s aviat, de refor\u00e7ar amb elements de senyalitzaci\u00f3 la normativa d\u2019aquest espai natural, que estableix que no es pot circular en bicicleta per corriols i camins estrets (<a href=\"https:\/\/parcs.diba.cat\/web\/l-informatiu\/-\/sant-lloren%C3%A7-refor%C3%A7-de-la-senyalitzaci%C3%B3-del-pas-prohibit-de-bicicletes-al-parc-natural-de-sant-lloren%C3%A7-del-munt-i-l-obac-per-camins-estrets-i-corriols\" target=\"_blank\" rel=\"noopener\">clic<\/a>).<\/p>\n<p>Sigui per l\u2019impacte sobre els terrenys sensibles o pel risc que comporten per a la seguretat dels caminants (o per ambd\u00f3s motius alhora) no ens sembla desmesurat que s\u2019estableixin mesures restrictives al pas de bicicletes per determinades zones de determinats espais que, com \u00e9s el cas dels parcs naturals, mereixen una especial protecci\u00f3. Val a dir que l\u2019\u00fas de la bicicleta no es prohibeix, sin\u00f3 que es restringeix a vies d\u2019altres caracter\u00edstiques (per exemple, una major amplada). En tot cas, continua essent m\u00e9s necessari que mai vetllar per l\u2019\u00fas respectu\u00f3s dels camins, amb una bona conviv\u00e8ncia entre usuaris, que \u00e9s justament un dels \u00e0mbits de treball establerts per l\u2019Estrat\u00e8gia 2022-25 de la Taula de Camins de l\u2019Alt Pirineu i Aran.<\/p>\n","protected":false},"excerpt":{"rendered":"<p>No es tracta, com afirmava un titular poc prec\u00eds d\u2019un diari local, \u201cd\u2019una campanya contra [&hellip;]<\/p>\n","protected":false},"author":3,"featured_media":5580,"comment_status":"closed","ping_status":"closed","sticky":false,"template":"","format":"standard","meta":{"site-sidebar-layout":"default","site-content-layout":"default","ast-site-content-layout":"","site-content-style":"default","site-sidebar-style":"default","ast-global-header-display":"","ast-banner-title-visibility":"","ast-main-header-display":"","ast-hfb-above-header-display":"","ast-hfb-below-header-display":"","ast-hfb-mobile-header-display":"","site-post-title":"","ast-breadcrumbs-content":"","ast-featured-img":"","footer-sml-layout":"","theme-transparent-header-meta":"default","adv-header-id-meta":"","stick-header-meta":"default","header-above-stick-meta":"","header-main-stick-meta":"","header-below-stick-meta":"","astra-migrate-meta-layouts":"default","ast-page-background-enabled":"default","ast-page-background-meta":{"desktop":{"background-color":"var(--ast-global-color-4)","background-image":"","background-repeat":"repeat","background-position":"center center","background-size":"auto","background-attachment":"scroll","background-type":"","background-media":"","overlay-type":"","overlay-color":"","overlay-opacity":"","overlay-gradient":""},"tablet":{"background-color":"","background-image":"","background-repeat":"repeat","background-position":"center center","background-size":"auto","background-attachment":"scroll","background-type":"","background-media":"","overlay-type":"","overlay-color":"","overlay-opacity":"","overlay-gradient":""},"mobile":{"background-color":"","background-image":"","background-repeat":"repeat","background-position":"center center","background-size":"auto","background-attachment":"scroll","background-type":"","background-media":"","overlay-type":"","overlay-color":"","overlay-opacity":"","overlay-gradient":""}},"ast-content-background-meta":{"desktop":{"background-color":"var(--ast-global-color-5)","background-image":"","background-repeat":"repeat","background-position":"center center","background-size":"auto","background-attachment":"scroll","background-type":"","background-media":"","overlay-type":"","overlay-color":"","overlay-opacity":"","overlay-gradient":""},"tablet":{"background-color":"var(--ast-global-color-5)","background-image":"","background-repeat":"repeat","background-position":"center center","background-size":"auto","background-attachment":"scroll","background-type":"","background-media":"","overlay-type":"","overlay-color":"","overlay-opacity":"","overlay-gradient":""},"mobile":{"background-color":"var(--ast-global-color-5)","background-image":"","background-repeat":"repeat","background-position":"center center","background-size":"auto","background-attachment":"scroll","background-type":"","background-media":"","overlay-type":"","overlay-color":"","overlay-opacity":"","overlay-gradient":""}},"footnotes":""},"categories":[7],"tags":[129],"class_list":["post-5577","post","type-post","status-publish","format-standard","has-post-thumbnail","hentry","category-noticies","tag-98-febrer-2023"],"_links":{"self":[{"href":"https:\/\/sompirineu.cat\/senderia\/wp-json\/wp\/v2\/posts\/5577","targetHints":{"allow":["GET"]}}],"collection":[{"href":"https:\/\/sompirineu.cat\/senderia\/wp-json\/wp\/v2\/posts"}],"about":[{"href":"https:\/\/sompirineu.cat\/senderia\/wp-json\/wp\/v2\/types\/post"}],"author":[{"embeddable":true,"href":"https:\/\/sompirineu.cat\/senderia\/wp-json\/wp\/v2\/users\/3"}],"replies":[{"embeddable":true,"href":"https:\/\/sompirineu.cat\/senderia\/wp-json\/wp\/v2\/comments?post=5577"}],"version-history":[{"count":1,"href":"https:\/\/sompirineu.cat\/senderia\/wp-json\/wp\/v2\/posts\/5577\/revisions"}],"predecessor-version":[{"id":5578,"href":"https:\/\/sompirineu.cat\/senderia\/wp-json\/wp\/v2\/posts\/5577\/revisions\/5578"}],"wp:featuredmedia":[{"embeddable":true,"href":"https:\/\/sompirineu.cat\/senderia\/wp-json\/wp\/v2\/media\/5580"}],"wp:attachment":[{"href":"https:\/\/sompirineu.cat\/senderia\/wp-json\/wp\/v2\/media?parent=5577"}],"wp:term":[{"taxonomy":"category","embeddable":true,"href":"https:\/\/sompirineu.cat\/senderia\/wp-json\/wp\/v2\/categories?post=5577"},{"taxonomy":"post_tag","embeddable":true,"href":"https:\/\/sompirineu.cat\/senderia\/wp-json\/wp\/v2\/tags?post=5577"}],"curies":[{"name":"wp","href":"https:\/\/api.w.org\/{rel}","templated":true}]}}