{"id":5589,"date":"2023-02-25T04:00:19","date_gmt":"2023-02-25T03:00:19","guid":{"rendered":"https:\/\/sompirineu.cat\/senderia\/?p=5589"},"modified":"2023-02-28T19:05:15","modified_gmt":"2023-02-28T18:05:15","slug":"girona-pionera","status":"publish","type":"post","link":"https:\/\/sompirineu.cat\/senderia\/girona-pionera\/","title":{"rendered":"Girona pionera"},"content":{"rendered":"<p>El passat mes d\u2019abril aquest butllet\u00ed es feia ress\u00f2 d\u2019una iniciativa del diari Regi\u00f3 7, que, a trav\u00e9s d\u2019enquesta a un centenar de dones, establia les \u00e0rees de la ciutat de Manresa on la sensaci\u00f3 de seguretat era baixa (<a href=\"https:\/\/www.regio7.cat\/manresa\/2022\/03\/25\/passeig-els-carrers-percebuts-com-64288570.html\" target=\"_blank\" rel=\"noopener\">clic<\/a>). Tamb\u00e9 consider\u00e0vem que, aplicada pels ajuntaments, podia ser una estrat\u00e8gia molt pr\u00e0ctica per establir els \u00e0mbits on calia preveure accions de millora, prevenci\u00f3 o control.<\/p>\n<p>Ara hem sabut a trav\u00e9s de la Vangu\u00e0rdia (<a href=\"https:\/\/www.lavanguardia.com\/local\/girona\/20230131\/8723088\/girona-activa-encuesta-conocer-puntos-ciudad-inseguros-mujeres.html\" target=\"_blank\" rel=\"noopener\">clac<\/a>) que l\u2019Ajuntament de Girona just est\u00e0 en proc\u00e9s d\u2019elaboraci\u00f3 d\u2019un mapa de seguretat en clau de g\u00e8nere, a partir d\u2019enquesta a les dones majors de 16 anys que es mouen habitualment a peu o amb algun altre mitj\u00e0 de transport (s\u2019hi pot accedir des d\u2019<a href=\"https:\/\/enquestes.girona.cat\/index.php\/433831?lang=ca\" target=\"_blank\" rel=\"noopener\">aqu\u00ed<\/a>). Un cop creat el mapa, que es podr\u00e0 anar revisant en el temps perqu\u00e8 l\u2019enquesta romandr\u00e0 activa, caldr\u00e0 determinar les actuacions a emprendre per tal d\u2019incrementar la sensaci\u00f3 de seguretat.<\/p>\n<p>Estarem atents a l\u2019evoluci\u00f3 i resultats d\u2019aquesta bona iniciativa.<\/p>\n","protected":false},"excerpt":{"rendered":"<p>El passat mes d\u2019abril aquest butllet\u00ed es feia ress\u00f2 d\u2019una iniciativa del diari Regi\u00f3 7, [&hellip;]<\/p>\n","protected":false},"author":3,"featured_media":5588,"comment_status":"closed","ping_status":"closed","sticky":false,"template":"","format":"standard","meta":{"site-sidebar-layout":"default","site-content-layout":"default","ast-site-content-layout":"","site-content-style":"default","site-sidebar-style":"default","ast-global-header-display":"","ast-banner-title-visibility":"","ast-main-header-display":"","ast-hfb-above-header-display":"","ast-hfb-below-header-display":"","ast-hfb-mobile-header-display":"","site-post-title":"","ast-breadcrumbs-content":"","ast-featured-img":"","footer-sml-layout":"","theme-transparent-header-meta":"default","adv-header-id-meta":"","stick-header-meta":"default","header-above-stick-meta":"","header-main-stick-meta":"","header-below-stick-meta":"","astra-migrate-meta-layouts":"default","ast-page-background-enabled":"default","ast-page-background-meta":{"desktop":{"background-color":"var(--ast-global-color-4)","background-image":"","background-repeat":"repeat","background-position":"center center","background-size":"auto","background-attachment":"scroll","background-type":"","background-media":"","overlay-type":"","overlay-color":"","overlay-opacity":"","overlay-gradient":""},"tablet":{"background-color":"","background-image":"","background-repeat":"repeat","background-position":"center center","background-size":"auto","background-attachment":"scroll","background-type":"","background-media":"","overlay-type":"","overlay-color":"","overlay-opacity":"","overlay-gradient":""},"mobile":{"background-color":"","background-image":"","background-repeat":"repeat","background-position":"center center","background-size":"auto","background-attachment":"scroll","background-type":"","background-media":"","overlay-type":"","overlay-color":"","overlay-opacity":"","overlay-gradient":""}},"ast-content-background-meta":{"desktop":{"background-color":"var(--ast-global-color-5)","background-image":"","background-repeat":"repeat","background-position":"center center","background-size":"auto","background-attachment":"scroll","background-type":"","background-media":"","overlay-type":"","overlay-color":"","overlay-opacity":"","overlay-gradient":""},"tablet":{"background-color":"var(--ast-global-color-5)","background-image":"","background-repeat":"repeat","background-position":"center center","background-size":"auto","background-attachment":"scroll","background-type":"","background-media":"","overlay-type":"","overlay-color":"","overlay-opacity":"","overlay-gradient":""},"mobile":{"background-color":"var(--ast-global-color-5)","background-image":"","background-repeat":"repeat","background-position":"center center","background-size":"auto","background-attachment":"scroll","background-type":"","background-media":"","overlay-type":"","overlay-color":"","overlay-opacity":"","overlay-gradient":""}},"footnotes":""},"categories":[7],"tags":[129],"class_list":["post-5589","post","type-post","status-publish","format-standard","has-post-thumbnail","hentry","category-noticies","tag-98-febrer-2023"],"_links":{"self":[{"href":"https:\/\/sompirineu.cat\/senderia\/wp-json\/wp\/v2\/posts\/5589","targetHints":{"allow":["GET"]}}],"collection":[{"href":"https:\/\/sompirineu.cat\/senderia\/wp-json\/wp\/v2\/posts"}],"about":[{"href":"https:\/\/sompirineu.cat\/senderia\/wp-json\/wp\/v2\/types\/post"}],"author":[{"embeddable":true,"href":"https:\/\/sompirineu.cat\/senderia\/wp-json\/wp\/v2\/users\/3"}],"replies":[{"embeddable":true,"href":"https:\/\/sompirineu.cat\/senderia\/wp-json\/wp\/v2\/comments?post=5589"}],"version-history":[{"count":1,"href":"https:\/\/sompirineu.cat\/senderia\/wp-json\/wp\/v2\/posts\/5589\/revisions"}],"predecessor-version":[{"id":5590,"href":"https:\/\/sompirineu.cat\/senderia\/wp-json\/wp\/v2\/posts\/5589\/revisions\/5590"}],"wp:featuredmedia":[{"embeddable":true,"href":"https:\/\/sompirineu.cat\/senderia\/wp-json\/wp\/v2\/media\/5588"}],"wp:attachment":[{"href":"https:\/\/sompirineu.cat\/senderia\/wp-json\/wp\/v2\/media?parent=5589"}],"wp:term":[{"taxonomy":"category","embeddable":true,"href":"https:\/\/sompirineu.cat\/senderia\/wp-json\/wp\/v2\/categories?post=5589"},{"taxonomy":"post_tag","embeddable":true,"href":"https:\/\/sompirineu.cat\/senderia\/wp-json\/wp\/v2\/tags?post=5589"}],"curies":[{"name":"wp","href":"https:\/\/api.w.org\/{rel}","templated":true}]}}