{"id":5594,"date":"2023-02-25T02:00:22","date_gmt":"2023-02-25T01:00:22","guid":{"rendered":"https:\/\/sompirineu.cat\/senderia\/?p=5594"},"modified":"2023-02-28T19:05:16","modified_gmt":"2023-02-28T18:05:16","slug":"els-bons-homes-busquen-nous-recursos","status":"publish","type":"post","link":"https:\/\/sompirineu.cat\/senderia\/els-bons-homes-busquen-nous-recursos\/","title":{"rendered":"Els Bons Homes busquen nous recursos"},"content":{"rendered":"<p>Ara feia temps que no tr\u00e8iem el cap pel Cam\u00ed dels Bons Homes (<a href=\"https:\/\/www.camidelsbonshomes.com\/\" target=\"_blank\" rel=\"noopener\">clic<\/a>), el recorregut transfronterer que uneix Berga amb Foix, a l\u2019Arieja, seguint l\u2019estela dels c\u00e0tars occitans i la seva persecuci\u00f3 per all\u00e0 el segle XIII. Un itinerari d\u2019uns 200 km de longitud i amb etapes espec\u00edfiques per fer a peu (deu), en bicicleta (vuit) i a cavall (onze). Ah, i tamb\u00e9 es pot fer en companyia del gos, si est\u00e0 en forma i acostumat a caminar, at\u00e8s que hi ha un seguit d\u2019allotjaments (a la banda catalana del cam\u00ed) que els accepten.<\/p>\n<p>El cas \u00e9s que, despr\u00e9s de la participaci\u00f3 en el programa europeu de cooperaci\u00f3 transfronterera NATTUR amb l&#8217;Arieja, que havia estat font de recursos en els darrers quatre anys, ara toca arremangar-se i buscar noves aliances. En aquest sentit, el Consell Regulador del Cam\u00ed dels Bons Homes ja ha iniciat els treballs amb els consells comarcals del Bergued\u00e0 i la Cerdanya per trobar noves fonts de finan\u00e7ament (<a href=\"https:\/\/www.regio7.cat\/cerdanya\/2023\/02\/24\/cerdanya-bergueda-busquen-nou-financament-83630525.html\" target=\"_blank\" rel=\"noopener\">clec<\/a>). I esperem que trobin la millor f\u00f3rmula, entre altres coses perqu\u00e8 es tracta d\u2019un dels productes m\u00e9s veterans en l\u2019\u00e0mbit del senderisme de travessa (iniciat el segle passat!) i amb una estrat\u00e8gia pionera de col\u00b7laboraci\u00f3 p\u00fablica i privada.<\/p>\n<p>Foto: Oscar Rodbag \/ arxiu CBH<\/p>\n","protected":false},"excerpt":{"rendered":"<p>Ara feia temps que no tr\u00e8iem el cap pel Cam\u00ed dels Bons Homes (clic), el [&hellip;]<\/p>\n","protected":false},"author":3,"featured_media":5597,"comment_status":"closed","ping_status":"closed","sticky":false,"template":"","format":"standard","meta":{"site-sidebar-layout":"default","site-content-layout":"default","ast-site-content-layout":"","site-content-style":"default","site-sidebar-style":"default","ast-global-header-display":"","ast-banner-title-visibility":"","ast-main-header-display":"","ast-hfb-above-header-display":"","ast-hfb-below-header-display":"","ast-hfb-mobile-header-display":"","site-post-title":"","ast-breadcrumbs-content":"","ast-featured-img":"","footer-sml-layout":"","theme-transparent-header-meta":"default","adv-header-id-meta":"","stick-header-meta":"default","header-above-stick-meta":"","header-main-stick-meta":"","header-below-stick-meta":"","astra-migrate-meta-layouts":"default","ast-page-background-enabled":"default","ast-page-background-meta":{"desktop":{"background-color":"var(--ast-global-color-4)","background-image":"","background-repeat":"repeat","background-position":"center center","background-size":"auto","background-attachment":"scroll","background-type":"","background-media":"","overlay-type":"","overlay-color":"","overlay-opacity":"","overlay-gradient":""},"tablet":{"background-color":"","background-image":"","background-repeat":"repeat","background-position":"center center","background-size":"auto","background-attachment":"scroll","background-type":"","background-media":"","overlay-type":"","overlay-color":"","overlay-opacity":"","overlay-gradient":""},"mobile":{"background-color":"","background-image":"","background-repeat":"repeat","background-position":"center center","background-size":"auto","background-attachment":"scroll","background-type":"","background-media":"","overlay-type":"","overlay-color":"","overlay-opacity":"","overlay-gradient":""}},"ast-content-background-meta":{"desktop":{"background-color":"var(--ast-global-color-5)","background-image":"","background-repeat":"repeat","background-position":"center center","background-size":"auto","background-attachment":"scroll","background-type":"","background-media":"","overlay-type":"","overlay-color":"","overlay-opacity":"","overlay-gradient":""},"tablet":{"background-color":"var(--ast-global-color-5)","background-image":"","background-repeat":"repeat","background-position":"center center","background-size":"auto","background-attachment":"scroll","background-type":"","background-media":"","overlay-type":"","overlay-color":"","overlay-opacity":"","overlay-gradient":""},"mobile":{"background-color":"var(--ast-global-color-5)","background-image":"","background-repeat":"repeat","background-position":"center center","background-size":"auto","background-attachment":"scroll","background-type":"","background-media":"","overlay-type":"","overlay-color":"","overlay-opacity":"","overlay-gradient":""}},"footnotes":""},"categories":[7],"tags":[129],"class_list":["post-5594","post","type-post","status-publish","format-standard","has-post-thumbnail","hentry","category-noticies","tag-98-febrer-2023"],"_links":{"self":[{"href":"https:\/\/sompirineu.cat\/senderia\/wp-json\/wp\/v2\/posts\/5594","targetHints":{"allow":["GET"]}}],"collection":[{"href":"https:\/\/sompirineu.cat\/senderia\/wp-json\/wp\/v2\/posts"}],"about":[{"href":"https:\/\/sompirineu.cat\/senderia\/wp-json\/wp\/v2\/types\/post"}],"author":[{"embeddable":true,"href":"https:\/\/sompirineu.cat\/senderia\/wp-json\/wp\/v2\/users\/3"}],"replies":[{"embeddable":true,"href":"https:\/\/sompirineu.cat\/senderia\/wp-json\/wp\/v2\/comments?post=5594"}],"version-history":[{"count":3,"href":"https:\/\/sompirineu.cat\/senderia\/wp-json\/wp\/v2\/posts\/5594\/revisions"}],"predecessor-version":[{"id":5598,"href":"https:\/\/sompirineu.cat\/senderia\/wp-json\/wp\/v2\/posts\/5594\/revisions\/5598"}],"wp:featuredmedia":[{"embeddable":true,"href":"https:\/\/sompirineu.cat\/senderia\/wp-json\/wp\/v2\/media\/5597"}],"wp:attachment":[{"href":"https:\/\/sompirineu.cat\/senderia\/wp-json\/wp\/v2\/media?parent=5594"}],"wp:term":[{"taxonomy":"category","embeddable":true,"href":"https:\/\/sompirineu.cat\/senderia\/wp-json\/wp\/v2\/categories?post=5594"},{"taxonomy":"post_tag","embeddable":true,"href":"https:\/\/sompirineu.cat\/senderia\/wp-json\/wp\/v2\/tags?post=5594"}],"curies":[{"name":"wp","href":"https:\/\/api.w.org\/{rel}","templated":true}]}}