{"id":5599,"date":"2023-02-25T01:00:59","date_gmt":"2023-02-25T00:00:59","guid":{"rendered":"https:\/\/sompirineu.cat\/senderia\/?p=5599"},"modified":"2023-02-28T19:13:15","modified_gmt":"2023-02-28T18:13:15","slug":"recuperar-el-passat-per-projectar-se-en-el-futur","status":"publish","type":"post","link":"https:\/\/sompirineu.cat\/senderia\/recuperar-el-passat-per-projectar-se-en-el-futur\/","title":{"rendered":"Recuperar el passat per projectar-se en el futur"},"content":{"rendered":"<p>Manresa, Berga, Guardiola i la Pobla de Lillet units per una via de ferrocarril. No \u00e9s un projecte elaborat per un\/a t\u00e8cnic\/a eixelebrat\/da, sin\u00f3 el tra\u00e7at del carrilet que va deixar de funcionar a principis del anys 70, despr\u00e9s de bastant m\u00e9s de mig segle de fer passar els vagons per les col\u00f2nies industrials, explotacions mineres i altres indrets de la riba del riu Llobregat. El que si que est\u00e0 a punt de ser una realitat \u00e9s la seva conversi\u00f3 en via verda, almenys en el tram que passa pel municipi de Gironella (com ja s\u2019ha fet a la vall de Pedret, a cavall dels municipis d\u2019Olvan i de Cercs). Tant \u00e9s aix\u00ed, que diuen les not\u00edcies (<a href=\"https:\/\/www.youtube.com\/watch?v=BaR34xN8Kb0\" target=\"_blank\" rel=\"noopener\">clic<\/a>) que ja s\u2019ha licitat, o \u00e9s ben a punt, un primer tram.<\/p>\n<p>Magn\u00edfica idea, que, d\u2019acord amb l\u2019alcalde de la vila, podria implicar tamb\u00e9 als municipis lim\u00edtrofs de Casserres, Puig-reig i Olvan. Genial. Si fos per nosaltres, per\u00f2, ens agradaria que s\u2019aconsegu\u00eds la participaci\u00f3 de m\u00e9s municipis, de la comarca i, \u00e0dhuc, d\u2019altres comarques. En un context no gaire lluny\u00e0 en qu\u00e8 la mobilitat lenta i de proximitat haur\u00e0 d\u2019anar guanyant espai, i no nom\u00e9s per motius d\u2019oci, ning\u00fa s\u2019imagina poder circular amb bicicleta des de Manresa fins a Berga, enlla\u00e7ant amb l\u2019alt Bergued\u00e0 i, ja posats, amb la ve\u00efna comarca del Ripoll\u00e8s, plenament integrada en la gran xarxa del Consorci de les Vies Verdes de Girona? Perqu\u00e8 la realitat \u00e9s que ben aviat Gombr\u00e8n, Campdev\u00e0nol, Ripoll, Sant Pau de Seg\u00faries i Camprodon ja quedaran connectats amb Olot, Girona, Banyoles i Sant Feliu de Gu\u00edxols a trav\u00e9s de la vall de Bianya, establint un itinerari ciclista i pedestre que unir\u00e0 el Pirineu amb la costa, obrint aix\u00ed un gran ventall de possibilitats.<\/p>\n","protected":false},"excerpt":{"rendered":"<p>Manresa, Berga, Guardiola i la Pobla de Lillet units per una via de ferrocarril. No [&hellip;]<\/p>\n","protected":false},"author":3,"featured_media":5601,"comment_status":"closed","ping_status":"closed","sticky":false,"template":"","format":"standard","meta":{"site-sidebar-layout":"default","site-content-layout":"default","ast-site-content-layout":"","site-content-style":"default","site-sidebar-style":"default","ast-global-header-display":"","ast-banner-title-visibility":"","ast-main-header-display":"","ast-hfb-above-header-display":"","ast-hfb-below-header-display":"","ast-hfb-mobile-header-display":"","site-post-title":"","ast-breadcrumbs-content":"","ast-featured-img":"","footer-sml-layout":"","theme-transparent-header-meta":"default","adv-header-id-meta":"","stick-header-meta":"default","header-above-stick-meta":"","header-main-stick-meta":"","header-below-stick-meta":"","astra-migrate-meta-layouts":"default","ast-page-background-enabled":"default","ast-page-background-meta":{"desktop":{"background-color":"var(--ast-global-color-4)","background-image":"","background-repeat":"repeat","background-position":"center center","background-size":"auto","background-attachment":"scroll","background-type":"","background-media":"","overlay-type":"","overlay-color":"","overlay-opacity":"","overlay-gradient":""},"tablet":{"background-color":"","background-image":"","background-repeat":"repeat","background-position":"center center","background-size":"auto","background-attachment":"scroll","background-type":"","background-media":"","overlay-type":"","overlay-color":"","overlay-opacity":"","overlay-gradient":""},"mobile":{"background-color":"","background-image":"","background-repeat":"repeat","background-position":"center center","background-size":"auto","background-attachment":"scroll","background-type":"","background-media":"","overlay-type":"","overlay-color":"","overlay-opacity":"","overlay-gradient":""}},"ast-content-background-meta":{"desktop":{"background-color":"var(--ast-global-color-5)","background-image":"","background-repeat":"repeat","background-position":"center center","background-size":"auto","background-attachment":"scroll","background-type":"","background-media":"","overlay-type":"","overlay-color":"","overlay-opacity":"","overlay-gradient":""},"tablet":{"background-color":"var(--ast-global-color-5)","background-image":"","background-repeat":"repeat","background-position":"center center","background-size":"auto","background-attachment":"scroll","background-type":"","background-media":"","overlay-type":"","overlay-color":"","overlay-opacity":"","overlay-gradient":""},"mobile":{"background-color":"var(--ast-global-color-5)","background-image":"","background-repeat":"repeat","background-position":"center center","background-size":"auto","background-attachment":"scroll","background-type":"","background-media":"","overlay-type":"","overlay-color":"","overlay-opacity":"","overlay-gradient":""}},"footnotes":""},"categories":[7],"tags":[129],"class_list":["post-5599","post","type-post","status-publish","format-standard","has-post-thumbnail","hentry","category-noticies","tag-98-febrer-2023"],"_links":{"self":[{"href":"https:\/\/sompirineu.cat\/senderia\/wp-json\/wp\/v2\/posts\/5599","targetHints":{"allow":["GET"]}}],"collection":[{"href":"https:\/\/sompirineu.cat\/senderia\/wp-json\/wp\/v2\/posts"}],"about":[{"href":"https:\/\/sompirineu.cat\/senderia\/wp-json\/wp\/v2\/types\/post"}],"author":[{"embeddable":true,"href":"https:\/\/sompirineu.cat\/senderia\/wp-json\/wp\/v2\/users\/3"}],"replies":[{"embeddable":true,"href":"https:\/\/sompirineu.cat\/senderia\/wp-json\/wp\/v2\/comments?post=5599"}],"version-history":[{"count":2,"href":"https:\/\/sompirineu.cat\/senderia\/wp-json\/wp\/v2\/posts\/5599\/revisions"}],"predecessor-version":[{"id":5602,"href":"https:\/\/sompirineu.cat\/senderia\/wp-json\/wp\/v2\/posts\/5599\/revisions\/5602"}],"wp:featuredmedia":[{"embeddable":true,"href":"https:\/\/sompirineu.cat\/senderia\/wp-json\/wp\/v2\/media\/5601"}],"wp:attachment":[{"href":"https:\/\/sompirineu.cat\/senderia\/wp-json\/wp\/v2\/media?parent=5599"}],"wp:term":[{"taxonomy":"category","embeddable":true,"href":"https:\/\/sompirineu.cat\/senderia\/wp-json\/wp\/v2\/categories?post=5599"},{"taxonomy":"post_tag","embeddable":true,"href":"https:\/\/sompirineu.cat\/senderia\/wp-json\/wp\/v2\/tags?post=5599"}],"curies":[{"name":"wp","href":"https:\/\/api.w.org\/{rel}","templated":true}]}}