{"id":5659,"date":"2023-03-25T23:04:20","date_gmt":"2023-03-25T22:04:20","guid":{"rendered":"https:\/\/sompirineu.cat\/senderia\/?p=5659"},"modified":"2023-04-20T11:22:11","modified_gmt":"2023-04-20T09:22:11","slug":"una-circular-per-estamariu-i-bescaran","status":"publish","type":"post","link":"https:\/\/sompirineu.cat\/senderia\/una-circular-per-estamariu-i-bescaran\/","title":{"rendered":"Una circular per Estamariu i Bescaran"},"content":{"rendered":"<p>Aquest itinerari circular prov\u00e9 del meu inter\u00e8s pel nucli rural de Bescaran, poble i Entitat Menor Descentralitzada del municipi de les Valls de Valira, a 15 km de la Seu d\u2019Urgell, on he nascut i residit tota la meva vida.<\/p>\n<p>No s\u00e9 ben b\u00e9 el perqu\u00e8, per\u00f2 un dia a la meva parella de tota la vida i a mi se\u2019ns va posar al cap disposar d\u2019una segona resid\u00e8ncia en un nucli rural, m\u00e9s proper a la natura, i com que sempre ens havia agradat Bescaran, all\u00e0 vam anar a parar. Val a dir que la persona que m\u00e9s ho ha gaudit i ho segueix gaudint ha estat la nostra filla.<\/p>\n<p>La selecci\u00f3 d\u2019aquest tram del recorregut \u00e9s perqu\u00e8 s\u2019inclou dins d\u2019un dels camins recuperats per la xarxa del Camina Pirineus, que va de la Seu d\u2019Urgell al pa\u00eds ve\u00ed d\u2019Andorra (Coll de Pim\u00e9s-La Rabassa-Sant Juli\u00e0 de L\u00f2ria), que ha promogut tamb\u00e9 diversos productes tur\u00edstics, com la Travessa Transfronterera-Cam\u00ed de Retrobament, la ruta 6 del Perseguits i Salvats o El Cam\u00ed.cat, i tamb\u00e9 constitueix l&#8217;aproximaci\u00f3 al segon cim m\u00e9s alt de l\u2019Alt Urgell, el Monturull, que limita amb Andorra i la Cerdanya (veieu com un mateix cam\u00ed es pot promocionar tur\u00edsticament de moltes maneres).<\/p>\n<p>El tram d\u2019itinerari circular entre Estamariu i Bescaran es pot fer en ambd\u00f3s sentits, en una volta d&#8217;aproximadament 9 km, 460 m de desnivell i un temps m\u00ednim de dues hores i mitja o una miqueta m\u00e9s, si volem gaudir del paisatge i de tots els elements patrimonials i culturals que ens acompanyen en tot el recorregut.<\/p>\n<p>Seguint la ruta des d\u2019Estamariu fins a Bescaran, el primer que ens trobem \u00e9s l\u2019esgl\u00e9sia rom\u00e0nica de Sant Vicen\u00e7 d\u2019Estamariu, que per la seva import\u00e0ncia necessita una visita cultural espec\u00edfica que recomano al finalitzar la caminada.<\/p>\n<p><img fetchpriority=\"high\" decoding=\"async\" class=\"alignnone size-medium wp-image-5654\" src=\"https:\/\/sompirineu.cat\/senderia\/wp-content\/uploads\/2023\/03\/Fredi_1-300x224.jpg\" alt=\"\" width=\"300\" height=\"224\" srcset=\"https:\/\/sompirineu.cat\/senderia\/wp-content\/uploads\/2023\/03\/Fredi_1-300x224.jpg 300w, https:\/\/sompirineu.cat\/senderia\/wp-content\/uploads\/2023\/03\/Fredi_1-1024x766.jpg 1024w, https:\/\/sompirineu.cat\/senderia\/wp-content\/uploads\/2023\/03\/Fredi_1-768x575.jpg 768w, https:\/\/sompirineu.cat\/senderia\/wp-content\/uploads\/2023\/03\/Fredi_1-1536x1149.jpg 1536w, https:\/\/sompirineu.cat\/senderia\/wp-content\/uploads\/2023\/03\/Fredi_1.jpg 2048w\" sizes=\"(max-width: 300px) 100vw, 300px\" \/><img decoding=\"async\" class=\"alignnone size-medium wp-image-5657\" src=\"https:\/\/sompirineu.cat\/senderia\/wp-content\/uploads\/2023\/03\/Fredi_4-300x135.jpg\" alt=\"\" width=\"300\" height=\"135\" srcset=\"https:\/\/sompirineu.cat\/senderia\/wp-content\/uploads\/2023\/03\/Fredi_4-300x135.jpg 300w, https:\/\/sompirineu.cat\/senderia\/wp-content\/uploads\/2023\/03\/Fredi_4-1024x461.jpg 1024w, https:\/\/sompirineu.cat\/senderia\/wp-content\/uploads\/2023\/03\/Fredi_4-768x346.jpg 768w, https:\/\/sompirineu.cat\/senderia\/wp-content\/uploads\/2023\/03\/Fredi_4-1536x691.jpg 1536w, https:\/\/sompirineu.cat\/senderia\/wp-content\/uploads\/2023\/03\/Fredi_4.jpg 2000w\" sizes=\"(max-width: 300px) 100vw, 300px\" \/><\/p>\n<p>Cap a l\u2019est i en direcci\u00f3 al riu de Bescaran, ens trobem el pont del mol\u00ed d\u2019Estamariu, el punt m\u00e9s baix del recorregut (1.000 m), infraestructura de comunicaci\u00f3 d\u2019Estamariu amb els nuclis de Bescaran i Torres d\u2019Al\u00e0s. Una altra zona destacable, lligada a aquest cam\u00ed i que us reservo per a una altra caminada, seria la pujada al Roc Bene\u00efdor, passant pel bosc de la Malesa i fins al mirador espectacular de 360\u00ba, a 1.682 m, des d\u2019on s\u2019obt\u00e9 una de les millors vistes de la serra del Cad\u00ed i crec que de les m\u00e9s desconegudes a la comarca, i retornant pel dolmen de la Cabana del Moro, tomba megal\u00edtica de tres lloses clavades a terra.<\/p>\n<p>Un cop encarats cap a Bescaran anem ascendint progressivament, per\u00f2 sense parar, pels antics cortals i feixes de conreu, a temporades amb la ramaderia extensiva, destacant els murs de pedra seca i les rouredes fins arribar al campanar rom\u00e0nic de Sant Mart\u00ed, al peu de Bescaran.<\/p>\n<p>Un cop gaudiu del poble de Bescaran, amb els seus carrers esglaonats i les cases t\u00edpiques del Pirineu, constru\u00efdes amb pedra, fusta i pissarra, perfectament orientades al sud buscant el sol, si no voleu fer una excursi\u00f3 d\u2019alta muntanya, retorneu cap a Estamariu, passant per l\u2019antic Mol\u00ed de Bescaran, en el seu dia precursor de la independ\u00e8ncia i autonomia energ\u00e8tica que ara tan busquem, una mini central hidr\u00e0ulica fins al 1972. Es destaca tamb\u00e9 en el poble de Bescaran una activa vida cultural i art\u00edstica en diversos \u00e0mbits, per exemple en els elements esculturals dels coms d\u2019aigua de la poblaci\u00f3.<\/p>\n<p>Continuem per altres cortals i feixes fins arribar a la zona m\u00e9s alta del recorregut a 1.372 m, el bosquet del Gravert, en aquest cas t\u00edpica zona de con\u00edferes, especialment pins. Tot seguit ens obrim al paisatge amb les vistes d\u2019Estamariu i la serra del Cad\u00ed al fons, fins arribar a l\u2019inici de nou del recorregut circular.<\/p>\n<p>Que podem trobar pel cam\u00ed? Principalment paisatge i patrimoni natural, amb unes vistes espectaculars, i un seguit d\u2019elements del patrimoni rom\u00e0nic, cultural i art\u00edstic, com ara:<\/p>\n<ul>\n<li><strong>L\u2019esgl\u00e9sia rom\u00e0nica de Sant Vicen\u00e7 <\/strong><strong>d\u2019Estamariu<\/strong>, b\u00e9 cultural d\u2019inter\u00e8s local, del segle XI. El 2002 es crea la fundaci\u00f3 del mateix nom que duu a terme diverses actuacions, entre les quals destaca la reconstrucci\u00f3 de la coberta i la recuperaci\u00f3 de les pintures rom\u00e0niques, comparables a les obres del cercle de Ta\u00fcll per la seva qualitat.<\/li>\n<li><strong>El campanar rom\u00e0nic de Sant Mart\u00ed<\/strong>, tamb\u00e9 delsegle XI<strong>, <\/strong>b\u00e9 cultural d\u2019inter\u00e8s nacional, al costat del cementiri i de les restes d\u2019un antic monestir del segle X.<\/li>\n<li><strong>L\u2019esgl\u00e9sia de Sant Mart\u00ed de Bescaran, <\/strong>b\u00e9 cultural d\u2019inter\u00e8s local, reconstru\u00efda sobre el 1814.<\/li>\n<li><strong style=\"font-size: 16px;\">El Pont del Mol\u00ed d\u2019Estamariu<\/strong><span style=\"font-size: 16px;\">, sobre el riu de Bescaran<\/span><strong style=\"font-size: 16px;\">, <\/strong><span style=\"font-size: 16px;\">b\u00e9 cultural d\u2019inter\u00e8s local que data de finals del segle XIX.<\/span><\/li>\n<\/ul>\n","protected":false},"excerpt":{"rendered":"<p>Amb Fredi Garcia<\/p>\n","protected":false},"author":3,"featured_media":5656,"comment_status":"closed","ping_status":"closed","sticky":false,"template":"","format":"standard","meta":{"site-sidebar-layout":"default","site-content-layout":"default","ast-site-content-layout":"","site-content-style":"default","site-sidebar-style":"default","ast-global-header-display":"","ast-banner-title-visibility":"","ast-main-header-display":"","ast-hfb-above-header-display":"","ast-hfb-below-header-display":"","ast-hfb-mobile-header-display":"","site-post-title":"","ast-breadcrumbs-content":"","ast-featured-img":"","footer-sml-layout":"","theme-transparent-header-meta":"default","adv-header-id-meta":"","stick-header-meta":"default","header-above-stick-meta":"","header-main-stick-meta":"","header-below-stick-meta":"","astra-migrate-meta-layouts":"default","ast-page-background-enabled":"default","ast-page-background-meta":{"desktop":{"background-color":"var(--ast-global-color-4)","background-image":"","background-repeat":"repeat","background-position":"center center","background-size":"auto","background-attachment":"scroll","background-type":"","background-media":"","overlay-type":"","overlay-color":"","overlay-opacity":"","overlay-gradient":""},"tablet":{"background-color":"","background-image":"","background-repeat":"repeat","background-position":"center center","background-size":"auto","background-attachment":"scroll","background-type":"","background-media":"","overlay-type":"","overlay-color":"","overlay-opacity":"","overlay-gradient":""},"mobile":{"background-color":"","background-image":"","background-repeat":"repeat","background-position":"center center","background-size":"auto","background-attachment":"scroll","background-type":"","background-media":"","overlay-type":"","overlay-color":"","overlay-opacity":"","overlay-gradient":""}},"ast-content-background-meta":{"desktop":{"background-color":"var(--ast-global-color-5)","background-image":"","background-repeat":"repeat","background-position":"center center","background-size":"auto","background-attachment":"scroll","background-type":"","background-media":"","overlay-type":"","overlay-color":"","overlay-opacity":"","overlay-gradient":""},"tablet":{"background-color":"var(--ast-global-color-5)","background-image":"","background-repeat":"repeat","background-position":"center center","background-size":"auto","background-attachment":"scroll","background-type":"","background-media":"","overlay-type":"","overlay-color":"","overlay-opacity":"","overlay-gradient":""},"mobile":{"background-color":"var(--ast-global-color-5)","background-image":"","background-repeat":"repeat","background-position":"center center","background-size":"auto","background-attachment":"scroll","background-type":"","background-media":"","overlay-type":"","overlay-color":"","overlay-opacity":"","overlay-gradient":""}},"footnotes":""},"categories":[6],"tags":[130],"class_list":["post-5659","post","type-post","status-publish","format-standard","has-post-thumbnail","hentry","category-una-caminada-amb","tag-99-marc-2023"],"_links":{"self":[{"href":"https:\/\/sompirineu.cat\/senderia\/wp-json\/wp\/v2\/posts\/5659","targetHints":{"allow":["GET"]}}],"collection":[{"href":"https:\/\/sompirineu.cat\/senderia\/wp-json\/wp\/v2\/posts"}],"about":[{"href":"https:\/\/sompirineu.cat\/senderia\/wp-json\/wp\/v2\/types\/post"}],"author":[{"embeddable":true,"href":"https:\/\/sompirineu.cat\/senderia\/wp-json\/wp\/v2\/users\/3"}],"replies":[{"embeddable":true,"href":"https:\/\/sompirineu.cat\/senderia\/wp-json\/wp\/v2\/comments?post=5659"}],"version-history":[{"count":5,"href":"https:\/\/sompirineu.cat\/senderia\/wp-json\/wp\/v2\/posts\/5659\/revisions"}],"predecessor-version":[{"id":5695,"href":"https:\/\/sompirineu.cat\/senderia\/wp-json\/wp\/v2\/posts\/5659\/revisions\/5695"}],"wp:featuredmedia":[{"embeddable":true,"href":"https:\/\/sompirineu.cat\/senderia\/wp-json\/wp\/v2\/media\/5656"}],"wp:attachment":[{"href":"https:\/\/sompirineu.cat\/senderia\/wp-json\/wp\/v2\/media?parent=5659"}],"wp:term":[{"taxonomy":"category","embeddable":true,"href":"https:\/\/sompirineu.cat\/senderia\/wp-json\/wp\/v2\/categories?post=5659"},{"taxonomy":"post_tag","embeddable":true,"href":"https:\/\/sompirineu.cat\/senderia\/wp-json\/wp\/v2\/tags?post=5659"}],"curies":[{"name":"wp","href":"https:\/\/api.w.org\/{rel}","templated":true}]}}