{"id":5690,"date":"2023-04-30T05:00:19","date_gmt":"2023-04-30T03:00:19","guid":{"rendered":"https:\/\/sompirineu.cat\/senderia\/?p=5690"},"modified":"2023-05-07T11:33:01","modified_gmt":"2023-05-07T09:33:01","slug":"el-senderia-descansara-uns-mesos","status":"publish","type":"post","link":"https:\/\/sompirineu.cat\/senderia\/el-senderia-descansara-uns-mesos\/","title":{"rendered":"El SENd\u00c8RIA descansar\u00e0 uns mesos"},"content":{"rendered":"<p>Ara fa justament nou anys, el mes d\u2019abril del 2014, el Send\u00e8ria iniciava la seva singladura. En aquell moment, la <a href=\"https:\/\/www.sompirineu.cat\/camins\/taula-de-camins\/\" target=\"_blank\" rel=\"noopener\">Taula de Camins de l\u2019Alt Pirineu i Aran<\/a> ja s\u2019estava consolidant com un grup de treball potent i actiu que, vinculat a l\u2019IDAPA, generava actuacions prou notables com per crear un noticiari mensual que permet\u00e9s la seva difusi\u00f3, juntament amb les d\u2019altres ens i associacions de similar sensibilitat cap els camins i els elements patrimonials associats.<\/p>\n<p>Al llarg d\u2019aquests anys, mes a mes, el butllet\u00ed ha anat configurant una l\u00ednia editorial que, per exemple, ha insistit en la necessitat d\u2019elaborar els inventaris municipals; ha denunciat els tancaments de camins p\u00fablics; ha celebrat l\u2019acci\u00f3 dels col\u00b7lectius que han aconseguit la reobertura d\u2019uns altres i ha dif\u00f3s nombroses jornades i cursos de formaci\u00f3 en la construcci\u00f3 en pedra seca, entre molts altres temes.<\/p>\n<p>Per\u00f2 les coses no duren per sempre. I ens ha semblat que la publicaci\u00f3 del n\u00famero 100 era una fita simb\u00f2lica ideal per tancar una etapa i obrir-ne una de nova. A partir d\u2019avui iniciem una fase de reflexi\u00f3 d\u2019uns mesos que ens ha de portar a assolir un nou repte: la creaci\u00f3 d\u2019una <strong>revista de recerca i pensament<\/strong> sempre, \u00e9s clar, en l\u2019\u00e0mbit del caminar i dels camins. De fet, aquesta nova revista \u00e9s una de les accions que figura en l\u2019Estrat\u00e8gia 2022-2025 de la Taula de Camins, el full de ruta que guia les activitats d\u2019aquest grup de treball durant aquest quadrienni.<\/p>\n<p>Mentrestant, nom\u00e9s ens resta agrair les aportacions i col\u00b7laboracions desinteressades dels qui ens heu ajudat a confeccionar tots i cadascun d\u2019aquests 100 n\u00fameros. I, com no, la fidelitat i les bones paraules que ens heu dedicat totes les persones que ens heu seguit i llegit tots aquests anys. Fins ben aviat!<\/p>\n","protected":false},"excerpt":{"rendered":"<p>Ara fa justament nou anys, el mes d\u2019abril del 2014, el Send\u00e8ria iniciava la seva [&hellip;]<\/p>\n","protected":false},"author":3,"featured_media":5686,"comment_status":"closed","ping_status":"closed","sticky":false,"template":"","format":"standard","meta":{"site-sidebar-layout":"default","site-content-layout":"default","ast-site-content-layout":"","site-content-style":"default","site-sidebar-style":"default","ast-global-header-display":"","ast-banner-title-visibility":"","ast-main-header-display":"","ast-hfb-above-header-display":"","ast-hfb-below-header-display":"","ast-hfb-mobile-header-display":"","site-post-title":"","ast-breadcrumbs-content":"","ast-featured-img":"","footer-sml-layout":"","theme-transparent-header-meta":"default","adv-header-id-meta":"","stick-header-meta":"default","header-above-stick-meta":"","header-main-stick-meta":"","header-below-stick-meta":"","astra-migrate-meta-layouts":"default","ast-page-background-enabled":"default","ast-page-background-meta":{"desktop":{"background-color":"var(--ast-global-color-4)","background-image":"","background-repeat":"repeat","background-position":"center center","background-size":"auto","background-attachment":"scroll","background-type":"","background-media":"","overlay-type":"","overlay-color":"","overlay-opacity":"","overlay-gradient":""},"tablet":{"background-color":"","background-image":"","background-repeat":"repeat","background-position":"center center","background-size":"auto","background-attachment":"scroll","background-type":"","background-media":"","overlay-type":"","overlay-color":"","overlay-opacity":"","overlay-gradient":""},"mobile":{"background-color":"","background-image":"","background-repeat":"repeat","background-position":"center center","background-size":"auto","background-attachment":"scroll","background-type":"","background-media":"","overlay-type":"","overlay-color":"","overlay-opacity":"","overlay-gradient":""}},"ast-content-background-meta":{"desktop":{"background-color":"var(--ast-global-color-5)","background-image":"","background-repeat":"repeat","background-position":"center center","background-size":"auto","background-attachment":"scroll","background-type":"","background-media":"","overlay-type":"","overlay-color":"","overlay-opacity":"","overlay-gradient":""},"tablet":{"background-color":"var(--ast-global-color-5)","background-image":"","background-repeat":"repeat","background-position":"center center","background-size":"auto","background-attachment":"scroll","background-type":"","background-media":"","overlay-type":"","overlay-color":"","overlay-opacity":"","overlay-gradient":""},"mobile":{"background-color":"var(--ast-global-color-5)","background-image":"","background-repeat":"repeat","background-position":"center center","background-size":"auto","background-attachment":"scroll","background-type":"","background-media":"","overlay-type":"","overlay-color":"","overlay-opacity":"","overlay-gradient":""}},"footnotes":""},"categories":[7],"tags":[131],"class_list":["post-5690","post","type-post","status-publish","format-standard","has-post-thumbnail","hentry","category-noticies","tag-100-abril-2023"],"_links":{"self":[{"href":"https:\/\/sompirineu.cat\/senderia\/wp-json\/wp\/v2\/posts\/5690","targetHints":{"allow":["GET"]}}],"collection":[{"href":"https:\/\/sompirineu.cat\/senderia\/wp-json\/wp\/v2\/posts"}],"about":[{"href":"https:\/\/sompirineu.cat\/senderia\/wp-json\/wp\/v2\/types\/post"}],"author":[{"embeddable":true,"href":"https:\/\/sompirineu.cat\/senderia\/wp-json\/wp\/v2\/users\/3"}],"replies":[{"embeddable":true,"href":"https:\/\/sompirineu.cat\/senderia\/wp-json\/wp\/v2\/comments?post=5690"}],"version-history":[{"count":2,"href":"https:\/\/sompirineu.cat\/senderia\/wp-json\/wp\/v2\/posts\/5690\/revisions"}],"predecessor-version":[{"id":5735,"href":"https:\/\/sompirineu.cat\/senderia\/wp-json\/wp\/v2\/posts\/5690\/revisions\/5735"}],"wp:featuredmedia":[{"embeddable":true,"href":"https:\/\/sompirineu.cat\/senderia\/wp-json\/wp\/v2\/media\/5686"}],"wp:attachment":[{"href":"https:\/\/sompirineu.cat\/senderia\/wp-json\/wp\/v2\/media?parent=5690"}],"wp:term":[{"taxonomy":"category","embeddable":true,"href":"https:\/\/sompirineu.cat\/senderia\/wp-json\/wp\/v2\/categories?post=5690"},{"taxonomy":"post_tag","embeddable":true,"href":"https:\/\/sompirineu.cat\/senderia\/wp-json\/wp\/v2\/tags?post=5690"}],"curies":[{"name":"wp","href":"https:\/\/api.w.org\/{rel}","templated":true}]}}