{"id":5714,"date":"2023-04-30T07:41:58","date_gmt":"2023-04-30T05:41:58","guid":{"rendered":"https:\/\/sompirineu.cat\/senderia\/?p=5714"},"modified":"2023-05-07T11:33:01","modified_gmt":"2023-05-07T09:33:01","slug":"de-les-encantades-de-castellas-del-canto-a-santa-eugina-de-solans","status":"publish","type":"post","link":"https:\/\/sompirineu.cat\/senderia\/de-les-encantades-de-castellas-del-canto-a-santa-eugina-de-solans\/","title":{"rendered":"De les Encantades de Castell\u00e0s del Cant\u00f3 a Santa Eugina de Solans"},"content":{"rendered":"<p>Castell\u00e0s del Cant\u00f3, antic municipi del Pallars Sobir\u00e0, va ser annexat el 1972 al de les Valls d\u2019Aguilar (Alt Urgell). Drenat pel riu de Castell\u00e0s, aquest neix al terme de Ba\u00e9n, sota Sant Sebasti\u00e0 de Buseu i, despr\u00e9s de rebre per l\u2019esquerra els rius de Solans i de Guils, travessa el pont del Capell\u00e0 i el pont de Miravall fins arribar a Espa\u00e9n, per trobar-se amb el riu de la Gu\u00e0rdia. El territori, de composici\u00f3 carbon\u00edfera i molt trencat, arriba al nord fins al coll del Cant\u00f3. Dins l\u2019antic terme hi havia, a m\u00e9s, els pobles de Junyent i Biscarb\u00f3 i les antigues quadres i caseries de Mesons i de la Torre.<\/p>\n<p>\u00c9s en l\u2019\u00e0mbit de l\u2019antic terme per on farem la nostra caminada. I el punt de sortida ser\u00e0 la font de les Encantades de Castell\u00e0s del Cant\u00f3, on hi trobarem aquest relat de l\u2019amic Isidre Domenj\u00f3 <em>(Viatge al pa\u00eds dels menairons. Itinerari de mitologia pirinenca per les Valls d\u2019Aguilar)<\/em>:<\/p>\n<p><span style=\"color: #999999;\"><em>Les encantades eren unes dones molt i molt petitones que vivien amagades al fons d\u2019un toll d\u2019aigua. Tan sols una vegada a l\u2019any, la nit de Sant Joan, les encantades solien sortir del seu amagatall. Aix\u00ed que es feia fosc, apareixien totes fora de l\u2019aigua i comen\u00e7aven a rentar roba, que estenien en una espluga propera. La gent dels pobles ve\u00efns sabia que aquella roba era un tresor. Qui podia pispar una pe\u00e7a de la bugada de les encantades s\u2019assegurava que, en el futur, a casa seva no passarien mis\u00e8ria; encara que, de rics, tampoc no se\u2019n farien. \u00c9s clar que no era gens f\u00e0cil de prendre\u2019ls ni una coixinera ni un mocador, perqu\u00e8 vigilaven la roba amb molt de zel. Tot i aix\u00ed, conten que alguns espavilats ho havien pogut aconseguir.<\/em><\/span><\/p>\n<p><img fetchpriority=\"high\" decoding=\"async\" class=\"alignnone wp-image-5709\" src=\"https:\/\/sompirineu.cat\/senderia\/wp-content\/uploads\/2023\/04\/Porta_1-300x204.png\" alt=\"\" width=\"332\" height=\"226\" srcset=\"https:\/\/sompirineu.cat\/senderia\/wp-content\/uploads\/2023\/04\/Porta_1-300x204.png 300w, https:\/\/sompirineu.cat\/senderia\/wp-content\/uploads\/2023\/04\/Porta_1.png 606w\" sizes=\"(max-width: 332px) 100vw, 332px\" \/><\/p>\n<p>Sortim de Castell\u00e0s (1.308 m) per la llau del Fener del Mingo i seguim la pista fins al final, tot encarant el serrat de Santa Eugina. All\u00e0 mateix, al mig del no res, i\u00a0 envoltada de mates de boix que fa impossible veure-la fins que no hi ets a tocar, ens trobem l\u2019ermita de Santa Eugina (1.481 m), molt polida i plena de santets que li fan companyia.<\/p>\n<p>L\u2019ermita de Santa Eugina de Solans (Montferrer i Castellb\u00f2) est\u00e0 edificada damunt d\u2019un t\u00famul circular de 22 metres de di\u00e0metre, el qual sobresurt clarament uns 2 metres d\u2019altura sobre el terreny. Una llegenda local, reprodu\u00efda en un text an\u00f2nim present a l\u2019interior de l\u2019ermita, explica que sota l\u2019ermita hi ha enterrat tot un batall\u00f3 de guerrers.<\/p>\n<p>Aquesta petita capella consta entre les visitades per l\u2019arquebisbe de Tarragona l\u2019any 1314. T\u00e9 una sola nau, cap\u00e7ada a sud-est per un absis semicircular a l\u2019exterior amb una cap\u00e7alera m\u00e9s estreta que la nau -la qual no \u00e9s perceptible des de l\u2019exterior- i coberta amb volta de can\u00f3. La porta d\u2019acc\u00e9s \u00e9s a la fa\u00e7ana nord-occidental i \u00e9s en arc rebaixat. A banda de la porta, nom\u00e9s t\u00e9 una altra obertura a l\u2019absis: una espitllera actualment cegada pel parament intern de la cap\u00e7alera.<\/p>\n<p><img decoding=\"async\" class=\"alignnone wp-image-5710\" src=\"https:\/\/sompirineu.cat\/senderia\/wp-content\/uploads\/2023\/04\/Porta_2-300x225.jpg\" alt=\"\" width=\"240\" height=\"180\" srcset=\"https:\/\/sompirineu.cat\/senderia\/wp-content\/uploads\/2023\/04\/Porta_2-300x225.jpg 300w, https:\/\/sompirineu.cat\/senderia\/wp-content\/uploads\/2023\/04\/Porta_2.jpg 482w\" sizes=\"(max-width: 240px) 100vw, 240px\" \/><img decoding=\"async\" class=\"alignnone size-medium wp-image-5711\" src=\"https:\/\/sompirineu.cat\/senderia\/wp-content\/uploads\/2023\/04\/Porta_3-225x300.png\" alt=\"\" width=\"225\" height=\"300\" srcset=\"https:\/\/sompirineu.cat\/senderia\/wp-content\/uploads\/2023\/04\/Porta_3-225x300.png 225w, https:\/\/sompirineu.cat\/senderia\/wp-content\/uploads\/2023\/04\/Porta_3.png 415w\" sizes=\"(max-width: 225px) 100vw, 225px\" \/><\/p>\n<p>La meva mare, la Consol de cal Bartol\u00f3 Vell, ens explica que des d\u2019aqu\u00ed es contemplen quatre ermites de quatre germans\/es: Santa Eugina (Monterrer i Castellb\u00f2), Sant Quiri (les Valls d\u2019Aguilar), Sant Germ\u00e9 (Ribera d\u2019Urgellet) i Santa Fe (Organy\u00e0).<\/p>\n<p>Despr\u00e8s de fer el tomb als boixos i de contemplar el meravell\u00f3s paisatge, ens enfilem fins la Roca Rodona, un bon mirador, i continuem per sota el Pui Rodon fins el Coll de la Posa on ens trobem la pista de Biscarb\u00f3 a Junyent.<\/p>\n<p>A 100 m topem amb el primer senyal que ens aboca al cam\u00ed de la Serreta (1.515 m), incl\u00f2s en la ruta del Cam\u00ed Vell de les Valls d\u2019Aguilar, i que ens portar\u00e0 al punt de sortida, la font de les Encantades, a tocar de l\u2019esgl\u00e9sia de Santa Maria de Castell\u00e0s.<\/p>\n<p>Aquesta ruta l\u2019hem gaudit amb la fam\u00edlia i els amics i, amb la Rosa, la Maria i la Paula, sempre hi hem trobat moments de reflexi\u00f3 i de record dels nostres avantpassats que van viure en aquestes contrades.<\/p>\n<p><img loading=\"lazy\" decoding=\"async\" class=\"alignnone wp-image-5712\" src=\"https:\/\/sompirineu.cat\/senderia\/wp-content\/uploads\/2023\/04\/Porta_4-300x201.png\" alt=\"\" width=\"394\" height=\"264\" srcset=\"https:\/\/sompirineu.cat\/senderia\/wp-content\/uploads\/2023\/04\/Porta_4-300x201.png 300w, https:\/\/sompirineu.cat\/senderia\/wp-content\/uploads\/2023\/04\/Porta_4-768x514.png 768w, https:\/\/sompirineu.cat\/senderia\/wp-content\/uploads\/2023\/04\/Porta_4.png 795w\" sizes=\"(max-width: 394px) 100vw, 394px\" \/><\/p>\n","protected":false},"excerpt":{"rendered":"<p>Amb Pere Porta<\/p>\n","protected":false},"author":3,"featured_media":5708,"comment_status":"closed","ping_status":"closed","sticky":false,"template":"","format":"standard","meta":{"site-sidebar-layout":"default","site-content-layout":"default","ast-site-content-layout":"","site-content-style":"default","site-sidebar-style":"default","ast-global-header-display":"","ast-banner-title-visibility":"","ast-main-header-display":"","ast-hfb-above-header-display":"","ast-hfb-below-header-display":"","ast-hfb-mobile-header-display":"","site-post-title":"","ast-breadcrumbs-content":"","ast-featured-img":"","footer-sml-layout":"","theme-transparent-header-meta":"default","adv-header-id-meta":"","stick-header-meta":"default","header-above-stick-meta":"","header-main-stick-meta":"","header-below-stick-meta":"","astra-migrate-meta-layouts":"default","ast-page-background-enabled":"default","ast-page-background-meta":{"desktop":{"background-color":"var(--ast-global-color-4)","background-image":"","background-repeat":"repeat","background-position":"center center","background-size":"auto","background-attachment":"scroll","background-type":"","background-media":"","overlay-type":"","overlay-color":"","overlay-opacity":"","overlay-gradient":""},"tablet":{"background-color":"","background-image":"","background-repeat":"repeat","background-position":"center center","background-size":"auto","background-attachment":"scroll","background-type":"","background-media":"","overlay-type":"","overlay-color":"","overlay-opacity":"","overlay-gradient":""},"mobile":{"background-color":"","background-image":"","background-repeat":"repeat","background-position":"center center","background-size":"auto","background-attachment":"scroll","background-type":"","background-media":"","overlay-type":"","overlay-color":"","overlay-opacity":"","overlay-gradient":""}},"ast-content-background-meta":{"desktop":{"background-color":"var(--ast-global-color-5)","background-image":"","background-repeat":"repeat","background-position":"center center","background-size":"auto","background-attachment":"scroll","background-type":"","background-media":"","overlay-type":"","overlay-color":"","overlay-opacity":"","overlay-gradient":""},"tablet":{"background-color":"var(--ast-global-color-5)","background-image":"","background-repeat":"repeat","background-position":"center center","background-size":"auto","background-attachment":"scroll","background-type":"","background-media":"","overlay-type":"","overlay-color":"","overlay-opacity":"","overlay-gradient":""},"mobile":{"background-color":"var(--ast-global-color-5)","background-image":"","background-repeat":"repeat","background-position":"center center","background-size":"auto","background-attachment":"scroll","background-type":"","background-media":"","overlay-type":"","overlay-color":"","overlay-opacity":"","overlay-gradient":""}},"footnotes":""},"categories":[6],"tags":[131],"class_list":["post-5714","post","type-post","status-publish","format-standard","has-post-thumbnail","hentry","category-una-caminada-amb","tag-100-abril-2023"],"_links":{"self":[{"href":"https:\/\/sompirineu.cat\/senderia\/wp-json\/wp\/v2\/posts\/5714","targetHints":{"allow":["GET"]}}],"collection":[{"href":"https:\/\/sompirineu.cat\/senderia\/wp-json\/wp\/v2\/posts"}],"about":[{"href":"https:\/\/sompirineu.cat\/senderia\/wp-json\/wp\/v2\/types\/post"}],"author":[{"embeddable":true,"href":"https:\/\/sompirineu.cat\/senderia\/wp-json\/wp\/v2\/users\/3"}],"replies":[{"embeddable":true,"href":"https:\/\/sompirineu.cat\/senderia\/wp-json\/wp\/v2\/comments?post=5714"}],"version-history":[{"count":5,"href":"https:\/\/sompirineu.cat\/senderia\/wp-json\/wp\/v2\/posts\/5714\/revisions"}],"predecessor-version":[{"id":5746,"href":"https:\/\/sompirineu.cat\/senderia\/wp-json\/wp\/v2\/posts\/5714\/revisions\/5746"}],"wp:featuredmedia":[{"embeddable":true,"href":"https:\/\/sompirineu.cat\/senderia\/wp-json\/wp\/v2\/media\/5708"}],"wp:attachment":[{"href":"https:\/\/sompirineu.cat\/senderia\/wp-json\/wp\/v2\/media?parent=5714"}],"wp:term":[{"taxonomy":"category","embeddable":true,"href":"https:\/\/sompirineu.cat\/senderia\/wp-json\/wp\/v2\/categories?post=5714"},{"taxonomy":"post_tag","embeddable":true,"href":"https:\/\/sompirineu.cat\/senderia\/wp-json\/wp\/v2\/tags?post=5714"}],"curies":[{"name":"wp","href":"https:\/\/api.w.org\/{rel}","templated":true}]}}