{"id":5737,"date":"2023-04-30T01:00:40","date_gmt":"2023-04-29T23:00:40","guid":{"rendered":"https:\/\/sompirineu.cat\/senderia\/?p=5737"},"modified":"2023-05-07T11:33:01","modified_gmt":"2023-05-07T09:33:01","slug":"quins-noms-mes-bonics-els-dels-ocells","status":"publish","type":"post","link":"https:\/\/sompirineu.cat\/senderia\/quins-noms-mes-bonics-els-dels-ocells\/","title":{"rendered":"Quins noms m\u00e9s bonics, els dels ocells"},"content":{"rendered":"<p>Mallarenga, gratapalles, xoriguer, raspinell, tallarol, aufrany, llucareta, \u00e0liga marcenca&#8230; s\u00f3n nom\u00e9s vuit de les quaranta esp\u00e8cies d\u2019ocells que podem albirar si caminem pel nou itinerari ornitol\u00f2gic que uneix la Seu d\u2019Urgell amb el nucli de Calbiny\u00e0. En realitat, al recorregut ja pr\u00e8viament senyalitzat s\u2019hi han afegit quatre plafons situats en \u00e0mbits diferenciats des del punt de vista ambiental que recullen les esp\u00e8cies m\u00e9s caracter\u00edstiques de cadascun d\u2019ells.<\/p>\n<p>La iniciativa, que refor\u00e7a l\u2019aposta ecotur\u00edstica del projecte Camina Pirineus, des d\u2019on s\u2019ha promogut, incorpora, doncs, nous al\u00b7licients a una de les caminades m\u00e9s populars entre els habitants de la Seu d\u2019Urgell: per exemple, la identificaci\u00f3 dels quaranta ocells (ei, no cal que sigui el mateix dia) i, ja posats, tamb\u00e9 dels seus cants. O la lectura i relectura dels seus noms i la comprovaci\u00f3 de si sonen igual de b\u00e9 en castell\u00e0, franc\u00e8s o angl\u00e8s.<\/p>\n<p>Aix\u00f2 si, com a creadors de la metodologia SENDIF (que sorgeix, com el Send\u00e8ria, de la Taula de Camins de l\u2019Alt Pirineu i Aran) i per matisar i completar la informaci\u00f3 que publica <em>Viure als Pirineus<\/em> (<a href=\"https:\/\/www.viurealspirineus.cat\/articulo\/alt-urgell\/camina-pirineus-enllesteix-l-itinerari-ornitologic-calbinya\/20230413105523039213.html\" target=\"_blank\" rel=\"noopener\">clic<\/a>), podem dir que el tram que la not\u00edcia qualifica de <em>f\u00e0cil<\/em>, quant al grau de dificultat f\u00edsica, \u00e9s el que va de Calbiny\u00e0 a la Seu d\u2019Urgell i, per tant, \u00e9s de baixada. Si es parteix de la capital urgellenca (o si es fa d\u2019anada i tornada), la dificultat f\u00edsica ja passaria a ser <em>moderada<\/em>.<\/p>\n<p>Foto: Cesc Capdevila<\/p>\n","protected":false},"excerpt":{"rendered":"<p>Mallarenga, gratapalles, xoriguer, raspinell, tallarol, aufrany, llucareta, \u00e0liga marcenca&#8230; s\u00f3n nom\u00e9s vuit de les quaranta [&hellip;]<\/p>\n","protected":false},"author":3,"featured_media":5741,"comment_status":"closed","ping_status":"closed","sticky":false,"template":"","format":"standard","meta":{"site-sidebar-layout":"default","site-content-layout":"default","ast-site-content-layout":"","site-content-style":"default","site-sidebar-style":"default","ast-global-header-display":"","ast-banner-title-visibility":"","ast-main-header-display":"","ast-hfb-above-header-display":"","ast-hfb-below-header-display":"","ast-hfb-mobile-header-display":"","site-post-title":"","ast-breadcrumbs-content":"","ast-featured-img":"","footer-sml-layout":"","theme-transparent-header-meta":"default","adv-header-id-meta":"","stick-header-meta":"default","header-above-stick-meta":"","header-main-stick-meta":"","header-below-stick-meta":"","astra-migrate-meta-layouts":"default","ast-page-background-enabled":"default","ast-page-background-meta":{"desktop":{"background-color":"var(--ast-global-color-4)","background-image":"","background-repeat":"repeat","background-position":"center center","background-size":"auto","background-attachment":"scroll","background-type":"","background-media":"","overlay-type":"","overlay-color":"","overlay-opacity":"","overlay-gradient":""},"tablet":{"background-color":"","background-image":"","background-repeat":"repeat","background-position":"center center","background-size":"auto","background-attachment":"scroll","background-type":"","background-media":"","overlay-type":"","overlay-color":"","overlay-opacity":"","overlay-gradient":""},"mobile":{"background-color":"","background-image":"","background-repeat":"repeat","background-position":"center center","background-size":"auto","background-attachment":"scroll","background-type":"","background-media":"","overlay-type":"","overlay-color":"","overlay-opacity":"","overlay-gradient":""}},"ast-content-background-meta":{"desktop":{"background-color":"var(--ast-global-color-5)","background-image":"","background-repeat":"repeat","background-position":"center center","background-size":"auto","background-attachment":"scroll","background-type":"","background-media":"","overlay-type":"","overlay-color":"","overlay-opacity":"","overlay-gradient":""},"tablet":{"background-color":"var(--ast-global-color-5)","background-image":"","background-repeat":"repeat","background-position":"center center","background-size":"auto","background-attachment":"scroll","background-type":"","background-media":"","overlay-type":"","overlay-color":"","overlay-opacity":"","overlay-gradient":""},"mobile":{"background-color":"var(--ast-global-color-5)","background-image":"","background-repeat":"repeat","background-position":"center center","background-size":"auto","background-attachment":"scroll","background-type":"","background-media":"","overlay-type":"","overlay-color":"","overlay-opacity":"","overlay-gradient":""}},"footnotes":""},"categories":[7],"tags":[131],"class_list":["post-5737","post","type-post","status-publish","format-standard","has-post-thumbnail","hentry","category-noticies","tag-100-abril-2023"],"_links":{"self":[{"href":"https:\/\/sompirineu.cat\/senderia\/wp-json\/wp\/v2\/posts\/5737","targetHints":{"allow":["GET"]}}],"collection":[{"href":"https:\/\/sompirineu.cat\/senderia\/wp-json\/wp\/v2\/posts"}],"about":[{"href":"https:\/\/sompirineu.cat\/senderia\/wp-json\/wp\/v2\/types\/post"}],"author":[{"embeddable":true,"href":"https:\/\/sompirineu.cat\/senderia\/wp-json\/wp\/v2\/users\/3"}],"replies":[{"embeddable":true,"href":"https:\/\/sompirineu.cat\/senderia\/wp-json\/wp\/v2\/comments?post=5737"}],"version-history":[{"count":4,"href":"https:\/\/sompirineu.cat\/senderia\/wp-json\/wp\/v2\/posts\/5737\/revisions"}],"predecessor-version":[{"id":5742,"href":"https:\/\/sompirineu.cat\/senderia\/wp-json\/wp\/v2\/posts\/5737\/revisions\/5742"}],"wp:featuredmedia":[{"embeddable":true,"href":"https:\/\/sompirineu.cat\/senderia\/wp-json\/wp\/v2\/media\/5741"}],"wp:attachment":[{"href":"https:\/\/sompirineu.cat\/senderia\/wp-json\/wp\/v2\/media?parent=5737"}],"wp:term":[{"taxonomy":"category","embeddable":true,"href":"https:\/\/sompirineu.cat\/senderia\/wp-json\/wp\/v2\/categories?post=5737"},{"taxonomy":"post_tag","embeddable":true,"href":"https:\/\/sompirineu.cat\/senderia\/wp-json\/wp\/v2\/tags?post=5737"}],"curies":[{"name":"wp","href":"https:\/\/api.w.org\/{rel}","templated":true}]}}