{"id":5751,"date":"2023-04-30T11:04:18","date_gmt":"2023-04-30T09:04:18","guid":{"rendered":"https:\/\/sompirineu.cat\/senderia\/?p=5751"},"modified":"2023-05-07T11:33:01","modified_gmt":"2023-05-07T09:33:01","slug":"europa-de-cap-a-cap","status":"publish","type":"post","link":"https:\/\/sompirineu.cat\/senderia\/europa-de-cap-a-cap\/","title":{"rendered":"Europa de cap a cap"},"content":{"rendered":"<p>\u201c<em>\u00bfSoc un viatger, un excursionista, un observador, un n\u00f2mada, un turista, un paisatgista, una mena de soci\u00f2leg observador de la vida quotidiana, un cronista, un fl\u00e2neur-voyeur, un curi\u00f3s, un esportista? Potser una mica de cada<\/em>\u201c.<\/p>\n<p>Aix\u00ed es defineix Josep Maria Aym\u00e0, l\u2019autor de <em><strong>Caminant sense fronteres<\/strong><\/em>, caminador de llargues dist\u00e0ncies, enamorat del viatjar a peu, amb una llargu\u00edssima experi\u00e8ncia que vol compartir amb tots els lectors en aquestes planes.<\/p>\n<p>Santcugatenc, soci del Club Muntanyenc Sant Cugat, molt vinculat al m\u00f3n del senderisme, pare del GR-92 i el GR-11, membre destacat a la seva \u00e8poca del comit\u00e8 de senders de la FEEC, i de moltes altres iniciatives, amb el temps lliure que dona la jubilaci\u00f3 es marca l\u2019objectiu de rec\u00f3rrer Europa de cap a cap, de nord a sud i d\u2019est a oest. En surten dos viatges llargs, llargu\u00edssims, extraordinaris, des del capdamunt d\u2019Isl\u00e0ndia fins la punta de la bota italiana i Malta i des de Sant Petersburg fins a Catalunya. Al costat d\u2019aquestes dues gestes, el recorregut de Barcelona a Albertville o el cam\u00ed de Sant Jaume s\u00f3n simples preparatius, com l\u2019ascensi\u00f3 al Mount Washington, als Estats Units, o la peregrinaci\u00f3 a Shikou, al Jap\u00f3.<\/p>\n<p>Tot aix\u00f2 ho explica en aquest llibre. Atenci\u00f3, no \u00e9s una guia d\u2019aquestes caminades, sin\u00f3 un llibre on recull l\u2019experi\u00e8ncia d\u2019aquests grans viatges a peu, amb el relat de la gent que coneix, dels paisatges que recorre, dels monuments que visita, de les difer\u00e8ncies culturals i socials dels pa\u00efsos que camina, tot plegat farcit d\u2019an\u00e8cdotes, fets sucosos i les inevitables incid\u00e8ncies que s\u2019esdevenen en tot viatge.<\/p>\n<p>A la darrera part ofereix als lectors tot un seguit de reflexions i\u00a0 pensaments dels viatges, per\u00f2 tamb\u00e9 d\u2019una certa experi\u00e8ncia vital i filos\u00f2fica, existencial i molt humana. Sota el t\u00edtol <em>\u00c9s quan camino que hi veig clar<\/em> apunta reflexions sobre la competici\u00f3, la religi\u00f3 i els grans camins religiosos, la bellesa, l\u2019esfor\u00e7, sempre des de l\u2019experi\u00e8ncia del caminador i sota el prisma del cam\u00ed.<\/p>\n<p>Un llibre interessant, curi\u00f3s, suggeridor, que obre moltes portes i que fa pal\u00e8s que els reptes nom\u00e9s cal posar-los, preparar-los i anar-los assolint, m\u00e9s enll\u00e0 d\u2019edats i modes. Tothom pot fer moltes m\u00e9s coses de les que potser es pensa. I si ho fa caminant i resseguint camins es trobar\u00e0 unes experi\u00e8ncies que a l\u2019autor li han omplert la vida. Aquest text \u00e9s per sobre de tot un cant al cam\u00ed i al caminar com a eix del viatge de la vida i de tota una filosofia vital.<\/p>\n<p>Ressenya escrita <em>ad hoc<\/em> per Enric Faura, editor<\/p>\n","protected":false},"excerpt":{"rendered":"<p>\u201c\u00bfSoc un viatger, un excursionista, un observador, un n\u00f2mada, un turista, un paisatgista, una mena [&hellip;]<\/p>\n","protected":false},"author":3,"featured_media":5696,"comment_status":"closed","ping_status":"closed","sticky":false,"template":"","format":"standard","meta":{"site-sidebar-layout":"default","site-content-layout":"default","ast-site-content-layout":"","site-content-style":"default","site-sidebar-style":"default","ast-global-header-display":"","ast-banner-title-visibility":"","ast-main-header-display":"","ast-hfb-above-header-display":"","ast-hfb-below-header-display":"","ast-hfb-mobile-header-display":"","site-post-title":"","ast-breadcrumbs-content":"","ast-featured-img":"","footer-sml-layout":"","theme-transparent-header-meta":"default","adv-header-id-meta":"","stick-header-meta":"default","header-above-stick-meta":"","header-main-stick-meta":"","header-below-stick-meta":"","astra-migrate-meta-layouts":"default","ast-page-background-enabled":"default","ast-page-background-meta":{"desktop":{"background-color":"var(--ast-global-color-4)","background-image":"","background-repeat":"repeat","background-position":"center center","background-size":"auto","background-attachment":"scroll","background-type":"","background-media":"","overlay-type":"","overlay-color":"","overlay-opacity":"","overlay-gradient":""},"tablet":{"background-color":"","background-image":"","background-repeat":"repeat","background-position":"center center","background-size":"auto","background-attachment":"scroll","background-type":"","background-media":"","overlay-type":"","overlay-color":"","overlay-opacity":"","overlay-gradient":""},"mobile":{"background-color":"","background-image":"","background-repeat":"repeat","background-position":"center center","background-size":"auto","background-attachment":"scroll","background-type":"","background-media":"","overlay-type":"","overlay-color":"","overlay-opacity":"","overlay-gradient":""}},"ast-content-background-meta":{"desktop":{"background-color":"var(--ast-global-color-5)","background-image":"","background-repeat":"repeat","background-position":"center center","background-size":"auto","background-attachment":"scroll","background-type":"","background-media":"","overlay-type":"","overlay-color":"","overlay-opacity":"","overlay-gradient":""},"tablet":{"background-color":"var(--ast-global-color-5)","background-image":"","background-repeat":"repeat","background-position":"center center","background-size":"auto","background-attachment":"scroll","background-type":"","background-media":"","overlay-type":"","overlay-color":"","overlay-opacity":"","overlay-gradient":""},"mobile":{"background-color":"var(--ast-global-color-5)","background-image":"","background-repeat":"repeat","background-position":"center center","background-size":"auto","background-attachment":"scroll","background-type":"","background-media":"","overlay-type":"","overlay-color":"","overlay-opacity":"","overlay-gradient":""}},"footnotes":""},"categories":[4],"tags":[131],"class_list":["post-5751","post","type-post","status-publish","format-standard","has-post-thumbnail","hentry","category-sendes-literaries","tag-100-abril-2023"],"_links":{"self":[{"href":"https:\/\/sompirineu.cat\/senderia\/wp-json\/wp\/v2\/posts\/5751","targetHints":{"allow":["GET"]}}],"collection":[{"href":"https:\/\/sompirineu.cat\/senderia\/wp-json\/wp\/v2\/posts"}],"about":[{"href":"https:\/\/sompirineu.cat\/senderia\/wp-json\/wp\/v2\/types\/post"}],"author":[{"embeddable":true,"href":"https:\/\/sompirineu.cat\/senderia\/wp-json\/wp\/v2\/users\/3"}],"replies":[{"embeddable":true,"href":"https:\/\/sompirineu.cat\/senderia\/wp-json\/wp\/v2\/comments?post=5751"}],"version-history":[{"count":2,"href":"https:\/\/sompirineu.cat\/senderia\/wp-json\/wp\/v2\/posts\/5751\/revisions"}],"predecessor-version":[{"id":5753,"href":"https:\/\/sompirineu.cat\/senderia\/wp-json\/wp\/v2\/posts\/5751\/revisions\/5753"}],"wp:featuredmedia":[{"embeddable":true,"href":"https:\/\/sompirineu.cat\/senderia\/wp-json\/wp\/v2\/media\/5696"}],"wp:attachment":[{"href":"https:\/\/sompirineu.cat\/senderia\/wp-json\/wp\/v2\/media?parent=5751"}],"wp:term":[{"taxonomy":"category","embeddable":true,"href":"https:\/\/sompirineu.cat\/senderia\/wp-json\/wp\/v2\/categories?post=5751"},{"taxonomy":"post_tag","embeddable":true,"href":"https:\/\/sompirineu.cat\/senderia\/wp-json\/wp\/v2\/tags?post=5751"}],"curies":[{"name":"wp","href":"https:\/\/api.w.org\/{rel}","templated":true}]}}